{"id":7851,"date":"2019-12-05T07:49:01","date_gmt":"2019-12-05T07:49:01","guid":{"rendered":"https:\/\/vila.es\/?p=7851"},"modified":"2020-10-21T07:54:51","modified_gmt":"2020-10-21T07:54:51","slug":"ernennung-einer-natuerlichen-person-durch-einen-manager-eine-juristische-person-annahme-der-ernennung","status":"publish","type":"post","link":"https:\/\/vila.es\/de\/gesellschaftsrecht\/ernennung-einer-natuerlichen-person-durch-einen-manager-eine-juristische-person-annahme-der-ernennung\/","title":{"rendered":"ERNENNUNG EINER NAT\u00dcRLICHEN PERSON DURCH EINEN MANAGER EINE JURISTISCHE PERSON, ANNAHME DER ERNENNUNG?"},"content":{"rendered":"<p style=\"text-align: justify;\">Die Generaldirektion der Register und Notare entschied in einem Beschluss vom 20. September 2019 \u00fcber die Notwendigkeit, die einer nat\u00fcrlichen Person vom Direktor einer Gesellschaft, die eine juristische Person ist, erteilte Vollmacht zur Eintragung ins Handelsregister anzunehmen.<\/p>\n<p style=\"text-align: justify;\">Der Fall ist, kurz gesagt, eine juristische Person, ein Unternehmensverwalter, der einer Einzelperson die ausdr\u00fcckliche Vollmacht zur dauerhaften Aus\u00fcbung der Verwalterposition erteilt; die Registrierung wird vom Registrator verweigert, der versteht, dass die Akzeptanz der Einzelperson notwendig ist, um sich als Vertreter registrieren zu lassen.<\/p>\n<p style=\"text-align: justify;\">F\u00fcr ein besseres Verst\u00e4ndnis des Falles m\u00fcssen wir klarstellen, dass es Unterschiede in der Vertretung gibt, da diese freiwillig oder gesetzlich sein kann.<\/p>\n<p style=\"text-align: justify;\">Die allgemeine Regel im spanischen Recht lautet, dass Vollmachten, wenn sie sich auf eine freiwillige Vertretung beziehen, da es sich um einseitige, vom Vollmachtgeber gew\u00e4hrte Handlungen handelt, keine ausdr\u00fcckliche Zustimmung des Bevollm\u00e4chtigten erfordern; auch unterliegen sie im Allgemeinen nicht der obligatorischen Eintragung in das Handelsregister, eine Frage, die strittig ist, da das Rechtssystem an Rechtssicherheit gewinnen w\u00fcrde, wenn die Handlungen im Zusammenhang mit den Vollmachten (Erteilung, Widerruf usw.) in ein Register eingetragen w\u00fcrden, das sie \u00f6ffentlich macht.\u00a0 Bei der organschaftlichen Vertretung, d.h. der Vertretung einer juristischen Person durch eine nat\u00fcrliche Person, um diese in die Lage zu versetzen, rechtsgesch\u00e4ftlich t\u00e4tig zu werden, ist hingegen die Annahme der Position f\u00fcr die Eintragung ins Handelsregister erforderlich.<\/p>\n<p style=\"text-align: justify;\">Es ist zu bedenken, dass die Position des Verwalters sowohl von einer nat\u00fcrlichen als auch von einer juristischen Person bekleidet werden kann. Gem\u00e4\u00df Artikel 212 bis des Gesetzes \u00fcber Kapitalgesellschaften ist, wenn ein Direktor eine juristische Person ist, die Ernennung einer einzigen Person f\u00fcr die st\u00e4ndige Aus\u00fcbung der Funktionen des Direktors erforderlich. Artikel 236.5 legt in diesem Zusammenhang fest, dass die nat\u00fcrliche Person, die zur Aus\u00fcbung der Funktionen eines Direktors ernannt wird, die f\u00fcr Direktoren festgelegten gesetzlichen Anforderungen erf\u00fcllen muss und denselben Pflichten (Loyalit\u00e4t usw.) unterliegt und gemeinsam mit der juristischen Person, die die Gesellschaft verwaltet, verantwortlich ist.<\/p>\n<p style=\"text-align: justify;\">Nach Ansicht der Generaldirektion besteht in diesem Fall eine besondere Situation hinsichtlich der von der nat\u00fcrlichen Person ausge\u00fcbten Vertretung: Obwohl sie kein organischer Vertreter (Verwalter) der Verwaltungsgesellschaft ist, werden die Wirkungen dieser Vertretung mit der organischen Vertretung gleichgesetzt, obwohl es sich zum Zeitpunkt ihrer Entstehung um ein Verh\u00e4ltnis der freiwilligen Vertretung handelt. Dies ist darauf zur\u00fcckzuf\u00fchren, dass diese Person aufgrund der ihr einger\u00e4umten Befugnisse die der Verwaltungsbeh\u00f6rde zustehenden Befugnisse aus\u00fcben w\u00fcrde.<\/p>\n<p style=\"text-align: justify;\">Das Problem, das sich in diesem Fall stellt, ist das Fehlen einer Rechts- oder Verwaltungsvorschrift, die ausdr\u00fccklich die Annahme der Position einer nat\u00fcrlichen Person verlangt, die als Bevollm\u00e4chtigter eines Verwalters einer juristischen Person f\u00fcr die Registrierung bestimmt ist; die Registrierung ist unter anderem wegen der besonderen Verantwortung der Verwalter, die sich aus der Aus\u00fcbung ihrer Funktionen ergibt, erforderlich.<\/p>\n<p style=\"text-align: justify;\">Die Generaldirektion der Register und Notare ist jedoch im Einvernehmen mit dem Registerf\u00fchrer der Ansicht, dass die kombinierte Wirkung der Bestimmungen 212 bis, 215 und 236 (die die Zulassung und Eintragung von Direktoren juristischer Personen erfordern) und die besondere Verantwortung der von der juristischen Person zur Aus\u00fcbung der Funktionen eines Direktors benannten nat\u00fcrlichen Person die vorherige Zulassung der Benennung dieser nat\u00fcrlichen Person als Bevollm\u00e4chtigter f\u00fcr die Eintragung erfordert.<\/p>\n<p style=\"text-align: justify;\">Der fragliche Fall befasst sich jedoch nicht mit dem Fall, in dem die nat\u00fcrliche Person mit Vollmacht der Gesch\u00e4ftsf\u00fchrer der verwaltenden juristischen Person selbst ist und nicht nur der Vertreter des Gesch\u00e4ftsf\u00fchrers dieser juristischen Person. Betrachtet man in einem solchen Fall die Begr\u00fcndung f\u00fcr die besondere Verantwortung, die er h\u00e4tte, wenn er Agent einer anderen Gesellschaft (der gef\u00fchrten Gesellschaft) w\u00fcrde, die sich von seiner Verantwortung und seiner Beziehung zu der Gesellschaft, deren Verwalter er ist, unterscheidet, so scheint diese Annahme ebenfalls erforderlich zu sein.<\/p>\n<p>&nbsp;<\/p>\n<p>&nbsp;<\/p>\n<p style=\"text-align: justify;\">Jaime Madero<\/p>\n<p style=\"text-align: justify;\">Vil\u00e1 Abogados<\/p>\n<p>&nbsp;<\/p>\n<p style=\"text-align: justify;\">F\u00fcr weitere Informationen wenden Sie sich bitte an:<\/p>\n<p style=\"text-align: justify;\"><a href=\"mailto:va@vila.es\"><span style=\"color: #3366ff;\">va@vila.es<\/span><\/a><\/p>\n<p>&nbsp;<\/p>\n<p style=\"text-align: justify;\">5. Dezember 2019<\/p>\n<p style=\"text-align: justify;\">\n","protected":false},"excerpt":{"rendered":"<p>Die Generaldirektion der Register und Notare entschied in einem Beschluss vom 20. September 2019 \u00fcber die Notwendigkeit, die einer nat\u00fcrlichen Person vom Direktor einer Gesellschaft, die eine juristische Person ist, erteilte Vollmacht zur Eintragung ins Handelsregister anzunehmen. Der Fall ist, kurz gesagt, eine juristische Person, ein Unternehmensverwalter, der einer Einzelperson die ausdr\u00fcckliche Vollmacht zur dauerhaften  [&#8230;]<\/p>\n","protected":false},"author":4,"featured_media":5987,"comment_status":"open","ping_status":"closed","sticky":false,"template":"","format":"standard","meta":{"footnotes":""},"categories":[92],"tags":[],"class_list":["post-7851","post","type-post","status-publish","format-standard","has-post-thumbnail","hentry","category-gesellschaftsrecht"],"yoast_head":"<!-- This site is optimized with the Yoast SEO plugin v27.1.1 - https:\/\/yoast.com\/product\/yoast-seo-wordpress\/ -->\n<title>ERNENNUNG EINER NAT\u00dcRLICHEN PERSON DURCH EINEN MANAGER EINE JURISTISCHE PERSON, ANNAHME DER ERNENNUNG? - Vil\u00e1 Abogados<\/title>\n<meta name=\"robots\" content=\"index, follow, max-snippet:-1, max-image-preview:large, max-video-preview:-1\" \/>\n<link rel=\"canonical\" href=\"https:\/\/vila.es\/de\/gesellschaftsrecht\/ernennung-einer-natuerlichen-person-durch-einen-manager-eine-juristische-person-annahme-der-ernennung\/\" \/>\n<meta property=\"og:locale\" content=\"de_DE\" \/>\n<meta property=\"og:type\" content=\"article\" \/>\n<meta property=\"og:title\" content=\"ERNENNUNG EINER NAT\u00dcRLICHEN PERSON DURCH EINEN MANAGER EINE JURISTISCHE PERSON, ANNAHME DER ERNENNUNG? - Vil\u00e1 Abogados\" \/>\n<meta property=\"og:description\" content=\"Die Generaldirektion der Register und Notare entschied in einem Beschluss vom 20. September 2019 \u00fcber die Notwendigkeit, die einer nat\u00fcrlichen Person vom Direktor einer Gesellschaft, die eine juristische Person ist, erteilte Vollmacht zur Eintragung ins Handelsregister anzunehmen. Der Fall ist, kurz gesagt, eine juristische Person, ein Unternehmensverwalter, der einer Einzelperson die ausdr\u00fcckliche Vollmacht zur dauerhaften [...]\" \/>\n<meta property=\"og:url\" content=\"https:\/\/vila.es\/de\/gesellschaftsrecht\/ernennung-einer-natuerlichen-person-durch-einen-manager-eine-juristische-person-annahme-der-ernennung\/\" \/>\n<meta property=\"og:site_name\" content=\"Vil\u00e1 Abogados\" \/>\n<meta property=\"article:published_time\" content=\"2019-12-05T07:49:01+00:00\" \/>\n<meta property=\"article:modified_time\" content=\"2020-10-21T07:54:51+00:00\" \/>\n<meta property=\"og:image\" content=\"https:\/\/vila.es\/wp-content\/uploads\/2020\/07\/societario2.jpg\" \/>\n\t<meta property=\"og:image:width\" content=\"669\" \/>\n\t<meta property=\"og:image:height\" content=\"272\" \/>\n\t<meta property=\"og:image:type\" content=\"image\/jpeg\" \/>\n<meta name=\"author\" content=\"Vil\u00e1 Abogados\" \/>\n<meta name=\"twitter:card\" content=\"summary_large_image\" \/>\n<meta name=\"twitter:label1\" content=\"Verfasst von\" \/>\n\t<meta name=\"twitter:data1\" content=\"Vil\u00e1 Abogados\" \/>\n\t<meta name=\"twitter:label2\" content=\"Gesch\u00e4tzte Lesezeit\" \/>\n\t<meta name=\"twitter:data2\" content=\"3\u00a0Minuten\" \/>\n<script type=\"application\/ld+json\" class=\"yoast-schema-graph\">{\"@context\":\"https:\/\/schema.org\",\"@graph\":[{\"@type\":\"Article\",\"@id\":\"https:\/\/vila.es\/de\/gesellschaftsrecht\/ernennung-einer-natuerlichen-person-durch-einen-manager-eine-juristische-person-annahme-der-ernennung\/#article\",\"isPartOf\":{\"@id\":\"https:\/\/vila.es\/de\/gesellschaftsrecht\/ernennung-einer-natuerlichen-person-durch-einen-manager-eine-juristische-person-annahme-der-ernennung\/\"},\"author\":{\"name\":\"Vil\u00e1 Abogados\",\"@id\":\"https:\/\/vila.es\/en\/#\/schema\/person\/1338568a83d16fbfd6073c8cc4834904\"},\"headline\":\"ERNENNUNG EINER NAT\u00dcRLICHEN PERSON DURCH EINEN MANAGER EINE JURISTISCHE PERSON, ANNAHME DER ERNENNUNG?\",\"datePublished\":\"2019-12-05T07:49:01+00:00\",\"dateModified\":\"2020-10-21T07:54:51+00:00\",\"mainEntityOfPage\":{\"@id\":\"https:\/\/vila.es\/de\/gesellschaftsrecht\/ernennung-einer-natuerlichen-person-durch-einen-manager-eine-juristische-person-annahme-der-ernennung\/\"},\"wordCount\":680,\"commentCount\":0,\"image\":{\"@id\":\"https:\/\/vila.es\/de\/gesellschaftsrecht\/ernennung-einer-natuerlichen-person-durch-einen-manager-eine-juristische-person-annahme-der-ernennung\/#primaryimage\"},\"thumbnailUrl\":\"https:\/\/vila.es\/wp-content\/uploads\/2020\/07\/societario2.jpg\",\"articleSection\":[\"Gesellschaftsrecht\"],\"inLanguage\":\"de\",\"potentialAction\":[{\"@type\":\"CommentAction\",\"name\":\"Comment\",\"target\":[\"https:\/\/vila.es\/de\/gesellschaftsrecht\/ernennung-einer-natuerlichen-person-durch-einen-manager-eine-juristische-person-annahme-der-ernennung\/#respond\"]}]},{\"@type\":\"WebPage\",\"@id\":\"https:\/\/vila.es\/de\/gesellschaftsrecht\/ernennung-einer-natuerlichen-person-durch-einen-manager-eine-juristische-person-annahme-der-ernennung\/\",\"url\":\"https:\/\/vila.es\/de\/gesellschaftsrecht\/ernennung-einer-natuerlichen-person-durch-einen-manager-eine-juristische-person-annahme-der-ernennung\/\",\"name\":\"ERNENNUNG EINER NAT\u00dcRLICHEN PERSON DURCH EINEN MANAGER EINE JURISTISCHE PERSON, ANNAHME DER ERNENNUNG? - Vil\u00e1 Abogados\",\"isPartOf\":{\"@id\":\"https:\/\/vila.es\/en\/#website\"},\"primaryImageOfPage\":{\"@id\":\"https:\/\/vila.es\/de\/gesellschaftsrecht\/ernennung-einer-natuerlichen-person-durch-einen-manager-eine-juristische-person-annahme-der-ernennung\/#primaryimage\"},\"image\":{\"@id\":\"https:\/\/vila.es\/de\/gesellschaftsrecht\/ernennung-einer-natuerlichen-person-durch-einen-manager-eine-juristische-person-annahme-der-ernennung\/#primaryimage\"},\"thumbnailUrl\":\"https:\/\/vila.es\/wp-content\/uploads\/2020\/07\/societario2.jpg\",\"datePublished\":\"2019-12-05T07:49:01+00:00\",\"dateModified\":\"2020-10-21T07:54:51+00:00\",\"author\":{\"@id\":\"https:\/\/vila.es\/en\/#\/schema\/person\/1338568a83d16fbfd6073c8cc4834904\"},\"breadcrumb\":{\"@id\":\"https:\/\/vila.es\/de\/gesellschaftsrecht\/ernennung-einer-natuerlichen-person-durch-einen-manager-eine-juristische-person-annahme-der-ernennung\/#breadcrumb\"},\"inLanguage\":\"de\",\"potentialAction\":[{\"@type\":\"ReadAction\",\"target\":[\"https:\/\/vila.es\/de\/gesellschaftsrecht\/ernennung-einer-natuerlichen-person-durch-einen-manager-eine-juristische-person-annahme-der-ernennung\/\"]}]},{\"@type\":\"ImageObject\",\"inLanguage\":\"de\",\"@id\":\"https:\/\/vila.es\/de\/gesellschaftsrecht\/ernennung-einer-natuerlichen-person-durch-einen-manager-eine-juristische-person-annahme-der-ernennung\/#primaryimage\",\"url\":\"https:\/\/vila.es\/wp-content\/uploads\/2020\/07\/societario2.jpg\",\"contentUrl\":\"https:\/\/vila.es\/wp-content\/uploads\/2020\/07\/societario2.jpg\",\"width\":669,\"height\":272},{\"@type\":\"BreadcrumbList\",\"@id\":\"https:\/\/vila.es\/de\/gesellschaftsrecht\/ernennung-einer-natuerlichen-person-durch-einen-manager-eine-juristische-person-annahme-der-ernennung\/#breadcrumb\",\"itemListElement\":[{\"@type\":\"ListItem\",\"position\":1,\"name\":\"Portada\",\"item\":\"https:\/\/vila.es\/de\/\"},{\"@type\":\"ListItem\",\"position\":2,\"name\":\"ERNENNUNG EINER NAT\u00dcRLICHEN PERSON DURCH EINEN MANAGER EINE JURISTISCHE PERSON, ANNAHME DER ERNENNUNG?\"}]},{\"@type\":\"WebSite\",\"@id\":\"https:\/\/vila.es\/en\/#website\",\"url\":\"https:\/\/vila.es\/en\/\",\"name\":\"Vil\u00e1 Abogados\",\"description\":\"Damos soporte jur\u00eddico a proyectos e iniciativas de negocio de empresas y de emprendedores extranjeros y nacionales\",\"potentialAction\":[{\"@type\":\"SearchAction\",\"target\":{\"@type\":\"EntryPoint\",\"urlTemplate\":\"https:\/\/vila.es\/en\/?s={search_term_string}\"},\"query-input\":{\"@type\":\"PropertyValueSpecification\",\"valueRequired\":true,\"valueName\":\"search_term_string\"}}],\"inLanguage\":\"de\"},{\"@type\":\"Person\",\"@id\":\"https:\/\/vila.es\/en\/#\/schema\/person\/1338568a83d16fbfd6073c8cc4834904\",\"name\":\"Vil\u00e1 Abogados\",\"image\":{\"@type\":\"ImageObject\",\"inLanguage\":\"de\",\"@id\":\"https:\/\/vila.es\/en\/#\/schema\/person\/image\/\",\"url\":\"https:\/\/secure.gravatar.com\/avatar\/80372a28ffd84e8b62261dc710c686e32c574bf8a1c71bfd6ebfba0f351a081b?s=96&d=mm&r=g\",\"contentUrl\":\"https:\/\/secure.gravatar.com\/avatar\/80372a28ffd84e8b62261dc710c686e32c574bf8a1c71bfd6ebfba0f351a081b?s=96&d=mm&r=g\",\"caption\":\"Vil\u00e1 Abogados\"},\"url\":\"https:\/\/vila.es\/de\/author\/vilaes\/\"}]}<\/script>\n<!-- \/ Yoast SEO plugin. -->","yoast_head_json":{"title":"ERNENNUNG EINER NAT\u00dcRLICHEN PERSON DURCH EINEN MANAGER EINE JURISTISCHE PERSON, ANNAHME DER ERNENNUNG? - Vil\u00e1 Abogados","robots":{"index":"index","follow":"follow","max-snippet":"max-snippet:-1","max-image-preview":"max-image-preview:large","max-video-preview":"max-video-preview:-1"},"canonical":"https:\/\/vila.es\/de\/gesellschaftsrecht\/ernennung-einer-natuerlichen-person-durch-einen-manager-eine-juristische-person-annahme-der-ernennung\/","og_locale":"de_DE","og_type":"article","og_title":"ERNENNUNG EINER NAT\u00dcRLICHEN PERSON DURCH EINEN MANAGER EINE JURISTISCHE PERSON, ANNAHME DER ERNENNUNG? - Vil\u00e1 Abogados","og_description":"Die Generaldirektion der Register und Notare entschied in einem Beschluss vom 20. September 2019 \u00fcber die Notwendigkeit, die einer nat\u00fcrlichen Person vom Direktor einer Gesellschaft, die eine juristische Person ist, erteilte Vollmacht zur Eintragung ins Handelsregister anzunehmen. Der Fall ist, kurz gesagt, eine juristische Person, ein Unternehmensverwalter, der einer Einzelperson die ausdr\u00fcckliche Vollmacht zur dauerhaften [...]","og_url":"https:\/\/vila.es\/de\/gesellschaftsrecht\/ernennung-einer-natuerlichen-person-durch-einen-manager-eine-juristische-person-annahme-der-ernennung\/","og_site_name":"Vil\u00e1 Abogados","article_published_time":"2019-12-05T07:49:01+00:00","article_modified_time":"2020-10-21T07:54:51+00:00","og_image":[{"width":669,"height":272,"url":"https:\/\/vila.es\/wp-content\/uploads\/2020\/07\/societario2.jpg","type":"image\/jpeg"}],"author":"Vil\u00e1 Abogados","twitter_card":"summary_large_image","twitter_misc":{"Verfasst von":"Vil\u00e1 Abogados","Gesch\u00e4tzte Lesezeit":"3\u00a0Minuten"},"schema":{"@context":"https:\/\/schema.org","@graph":[{"@type":"Article","@id":"https:\/\/vila.es\/de\/gesellschaftsrecht\/ernennung-einer-natuerlichen-person-durch-einen-manager-eine-juristische-person-annahme-der-ernennung\/#article","isPartOf":{"@id":"https:\/\/vila.es\/de\/gesellschaftsrecht\/ernennung-einer-natuerlichen-person-durch-einen-manager-eine-juristische-person-annahme-der-ernennung\/"},"author":{"name":"Vil\u00e1 Abogados","@id":"https:\/\/vila.es\/en\/#\/schema\/person\/1338568a83d16fbfd6073c8cc4834904"},"headline":"ERNENNUNG EINER NAT\u00dcRLICHEN PERSON DURCH EINEN MANAGER EINE JURISTISCHE PERSON, ANNAHME DER ERNENNUNG?","datePublished":"2019-12-05T07:49:01+00:00","dateModified":"2020-10-21T07:54:51+00:00","mainEntityOfPage":{"@id":"https:\/\/vila.es\/de\/gesellschaftsrecht\/ernennung-einer-natuerlichen-person-durch-einen-manager-eine-juristische-person-annahme-der-ernennung\/"},"wordCount":680,"commentCount":0,"image":{"@id":"https:\/\/vila.es\/de\/gesellschaftsrecht\/ernennung-einer-natuerlichen-person-durch-einen-manager-eine-juristische-person-annahme-der-ernennung\/#primaryimage"},"thumbnailUrl":"https:\/\/vila.es\/wp-content\/uploads\/2020\/07\/societario2.jpg","articleSection":["Gesellschaftsrecht"],"inLanguage":"de","potentialAction":[{"@type":"CommentAction","name":"Comment","target":["https:\/\/vila.es\/de\/gesellschaftsrecht\/ernennung-einer-natuerlichen-person-durch-einen-manager-eine-juristische-person-annahme-der-ernennung\/#respond"]}]},{"@type":"WebPage","@id":"https:\/\/vila.es\/de\/gesellschaftsrecht\/ernennung-einer-natuerlichen-person-durch-einen-manager-eine-juristische-person-annahme-der-ernennung\/","url":"https:\/\/vila.es\/de\/gesellschaftsrecht\/ernennung-einer-natuerlichen-person-durch-einen-manager-eine-juristische-person-annahme-der-ernennung\/","name":"ERNENNUNG EINER NAT\u00dcRLICHEN PERSON DURCH EINEN MANAGER EINE JURISTISCHE PERSON, ANNAHME DER ERNENNUNG? - Vil\u00e1 Abogados","isPartOf":{"@id":"https:\/\/vila.es\/en\/#website"},"primaryImageOfPage":{"@id":"https:\/\/vila.es\/de\/gesellschaftsrecht\/ernennung-einer-natuerlichen-person-durch-einen-manager-eine-juristische-person-annahme-der-ernennung\/#primaryimage"},"image":{"@id":"https:\/\/vila.es\/de\/gesellschaftsrecht\/ernennung-einer-natuerlichen-person-durch-einen-manager-eine-juristische-person-annahme-der-ernennung\/#primaryimage"},"thumbnailUrl":"https:\/\/vila.es\/wp-content\/uploads\/2020\/07\/societario2.jpg","datePublished":"2019-12-05T07:49:01+00:00","dateModified":"2020-10-21T07:54:51+00:00","author":{"@id":"https:\/\/vila.es\/en\/#\/schema\/person\/1338568a83d16fbfd6073c8cc4834904"},"breadcrumb":{"@id":"https:\/\/vila.es\/de\/gesellschaftsrecht\/ernennung-einer-natuerlichen-person-durch-einen-manager-eine-juristische-person-annahme-der-ernennung\/#breadcrumb"},"inLanguage":"de","potentialAction":[{"@type":"ReadAction","target":["https:\/\/vila.es\/de\/gesellschaftsrecht\/ernennung-einer-natuerlichen-person-durch-einen-manager-eine-juristische-person-annahme-der-ernennung\/"]}]},{"@type":"ImageObject","inLanguage":"de","@id":"https:\/\/vila.es\/de\/gesellschaftsrecht\/ernennung-einer-natuerlichen-person-durch-einen-manager-eine-juristische-person-annahme-der-ernennung\/#primaryimage","url":"https:\/\/vila.es\/wp-content\/uploads\/2020\/07\/societario2.jpg","contentUrl":"https:\/\/vila.es\/wp-content\/uploads\/2020\/07\/societario2.jpg","width":669,"height":272},{"@type":"BreadcrumbList","@id":"https:\/\/vila.es\/de\/gesellschaftsrecht\/ernennung-einer-natuerlichen-person-durch-einen-manager-eine-juristische-person-annahme-der-ernennung\/#breadcrumb","itemListElement":[{"@type":"ListItem","position":1,"name":"Portada","item":"https:\/\/vila.es\/de\/"},{"@type":"ListItem","position":2,"name":"ERNENNUNG EINER NAT\u00dcRLICHEN PERSON DURCH EINEN MANAGER EINE JURISTISCHE PERSON, ANNAHME DER ERNENNUNG?"}]},{"@type":"WebSite","@id":"https:\/\/vila.es\/en\/#website","url":"https:\/\/vila.es\/en\/","name":"Vil\u00e1 Abogados","description":"Damos soporte jur\u00eddico a proyectos e iniciativas de negocio de empresas y de emprendedores extranjeros y nacionales","potentialAction":[{"@type":"SearchAction","target":{"@type":"EntryPoint","urlTemplate":"https:\/\/vila.es\/en\/?s={search_term_string}"},"query-input":{"@type":"PropertyValueSpecification","valueRequired":true,"valueName":"search_term_string"}}],"inLanguage":"de"},{"@type":"Person","@id":"https:\/\/vila.es\/en\/#\/schema\/person\/1338568a83d16fbfd6073c8cc4834904","name":"Vil\u00e1 Abogados","image":{"@type":"ImageObject","inLanguage":"de","@id":"https:\/\/vila.es\/en\/#\/schema\/person\/image\/","url":"https:\/\/secure.gravatar.com\/avatar\/80372a28ffd84e8b62261dc710c686e32c574bf8a1c71bfd6ebfba0f351a081b?s=96&d=mm&r=g","contentUrl":"https:\/\/secure.gravatar.com\/avatar\/80372a28ffd84e8b62261dc710c686e32c574bf8a1c71bfd6ebfba0f351a081b?s=96&d=mm&r=g","caption":"Vil\u00e1 Abogados"},"url":"https:\/\/vila.es\/de\/author\/vilaes\/"}]}},"_links":{"self":[{"href":"https:\/\/vila.es\/de\/wp-json\/wp\/v2\/posts\/7851","targetHints":{"allow":["GET"]}}],"collection":[{"href":"https:\/\/vila.es\/de\/wp-json\/wp\/v2\/posts"}],"about":[{"href":"https:\/\/vila.es\/de\/wp-json\/wp\/v2\/types\/post"}],"author":[{"embeddable":true,"href":"https:\/\/vila.es\/de\/wp-json\/wp\/v2\/users\/4"}],"replies":[{"embeddable":true,"href":"https:\/\/vila.es\/de\/wp-json\/wp\/v2\/comments?post=7851"}],"version-history":[{"count":1,"href":"https:\/\/vila.es\/de\/wp-json\/wp\/v2\/posts\/7851\/revisions"}],"predecessor-version":[{"id":7852,"href":"https:\/\/vila.es\/de\/wp-json\/wp\/v2\/posts\/7851\/revisions\/7852"}],"wp:featuredmedia":[{"embeddable":true,"href":"https:\/\/vila.es\/de\/wp-json\/wp\/v2\/media\/5987"}],"wp:attachment":[{"href":"https:\/\/vila.es\/de\/wp-json\/wp\/v2\/media?parent=7851"}],"wp:term":[{"taxonomy":"category","embeddable":true,"href":"https:\/\/vila.es\/de\/wp-json\/wp\/v2\/categories?post=7851"},{"taxonomy":"post_tag","embeddable":true,"href":"https:\/\/vila.es\/de\/wp-json\/wp\/v2\/tags?post=7851"}],"curies":[{"name":"wp","href":"https:\/\/api.w.org\/{rel}","templated":true}]}}