{"id":6808,"date":"2020-08-07T15:08:20","date_gmt":"2020-08-07T15:08:20","guid":{"rendered":"http:\/\/desarrollo.vila.es\/?p=6808"},"modified":"2022-08-04T13:48:07","modified_gmt":"2022-08-04T13:48:07","slug":"kundigungsmitteilung-an-den-fruheren-verwalter","status":"publish","type":"post","link":"https:\/\/vila.es\/de\/gesellschaftsrecht\/kundigungsmitteilung-an-den-fruheren-verwalter\/","title":{"rendered":"K\u00dcNDIGUNGSMITTEILUNG AN DEN FR\u00dcHEREN VERWALTER"},"content":{"rendered":"<p style=\"text-align: justify;\">Im Staatsanzeiger vom 2. Juli 2020 wurde ein Beschluss der Generaldirektion f\u00fcr Rechtssicherheit und \u00f6ffentliches Vertrauen (die \u201cDirektion\u201d) in der Berufung gegen die negative Einstufung des Madrider Handelsregisters XXIII zur Eintragung einer Entlassungsurkunde und Ernennung eines Firmendirektors ver\u00f6ffentlicht.<\/p>\n<p style=\"text-align: justify;\">In diesem Fall wird eine Entlassungsurkunde und die Ernennung eines einzigen Direktors eingereicht. In derselben Urkunde wird festgehalten, dass gem\u00e4ss Artikel 111 der Handelsregisterordnung (RRM) der Antrag gestellt wird, dem Verwalter seine Entlassung an seinem Wohnsitz mitzuteilen, und der Notar bescheinigt, dass zwei Personen, die sich ausweisen, pers\u00f6nlich an einem bestimmten Wohnsitz (dem des entlassenen Verwalters) die Urkunde erhalten, ohne sich jedoch um das Mitteilungsdokument zu k\u00fcmmern.<\/p>\n<p style=\"text-align: justify;\">Der Registerf\u00fchrer beschlie\u00dft, die Registrierung nicht durchzuf\u00fchren, weil \u201cdie Mitteilung an den scheidenden Verwalter nicht den Anforderungen von Artikel 111(1) der RMA entspricht, da sie laut Register nicht am Sitz des Verwalters erfolgt ist\u201d.<\/p>\n<p style=\"text-align: justify;\">Gegen diese Einstufung kann der Notar in der Sache wie folgt vorgehen:<\/p>\n<p style=\"text-align: justify;\">die Mitteilung ist in einer der in Artikel 202 der Notarordnung genannten Formen auszuf\u00fcllen. Und aus der gemeinsamen Auslegung der Vorschriften \u00fcber die Zustellungshandlungen und ihren Zweck wird deutlich, da\u00df es sinnlos ist, wenn der Notar, w\u00e4hrend er pers\u00f6nlich die Zustellung vornimmt und wei\u00df, was zugestellt werden soll, eine Verweigerung der Aush\u00e4ndigung des Schriftst\u00fccks am Sitz erh\u00e4lt und beschlie\u00dft, die Handlung zu schlie\u00dfen. Es widerspricht der Absicht des Gesetzgebers, den Handelsverkehr agiler zu gestalten, indem er ihn verpflichtet, die Bescheinigung erneut per Einschreiben mit Empfangsbest\u00e4tigung zu versenden, was zweifellos die Eintragung des neuen Verwalters im Handelsregister verz\u00f6gern und damit den wirtschaftlichen und rechtlichen Verkehr behindern wird.<\/p>\n<p style=\"text-align: justify;\">Die Direktion stellt fest, dass Artikel 203 der Notarordnung besagt, dass, wenn \u201cder Beteiligte, sein Vertreter oder die Person, mit der das Verfahren verstanden worden ist, sich weigert, die C\u00e9dula abzuholen oder sich aktiv oder passiv ihrem Erhalt widersetzt, dies zu Protokoll gegeben wird und die Mitteilung als erfolgt gilt\u201d. Es sei jedoch daran erinnert, dass die Dritte Kammer des Obersten Gerichtshofs in ihrem Urteil vom 20. Mai 2008 den Absatz \u201coder die Person, mit der das Verfahren durchgef\u00fchrt wurde\u201d f\u00fcr null und nichtig erkl\u00e4rt hat, da dieser von der allgemeinen Regelung \u201cdes Gesetzes 30\/92, in Angelegenheiten, die dem Gesetz unterliegen\u201d, abweicht.<\/p>\n<p style=\"text-align: justify;\">Die Direktion erkl\u00e4rt ferner, dass es unerl\u00e4sslich sei, dass der Notar, wie in Artikel 202 Absatz 6 vorgesehen, das Dokument per Einschreiben mit Empfangsbest\u00e4tigung, wie im K\u00f6niglichen Dekret 1829\/1999 vom 3. Dezember 1999 vorgesehen, oder durch jedes andere Verfahren, das eine zuverl\u00e4ssige Aufzeichnung der Zustellung erm\u00f6glicht, versendet. Im Hinblick auf die Bestimmungen der Artikel 202 und 203 der Notarordnung ist zu folgern, dass, wenn die Bescheinigung einer anderen Person als der gesuchten Person oder ihrem Vertreter zugestellt wird, eine doppelte notarielle Handlung erforderlich w\u00e4re, um mindestens zwei Zustellungsversuche mit der Zustellung der entsprechenden Bescheinigung abzudecken, von denen einer in Anwesenheit des Notars an der Anschrift, an der die Zustellung erfolgen sollte, und der andere durch \u00dcbersendung per Einschreiben mit R\u00fcckschein (oder durch ein anderes Verfahren, das eine zuverl\u00e4ssige Aufzeichnung der Zustellung erm\u00f6glichen w\u00fcrde).<\/p>\n<p style=\"text-align: justify;\">Es wird die Schlussfolgerung gezogen, dass in diesem Fall ein Eintragungshindernis best\u00fcnde, wenn nur der Versuch einer pers\u00f6nlichen Benachrichtigung gem\u00e4\u00df dem oben genannten Artikel 202, nicht aber die Zusendung der Benachrichtigung Bescheinigung per Einschreiben mit R\u00fcckschein erfolgt ist.<\/p>\n<p>&nbsp;<\/p>\n<p>&nbsp;<\/p>\n<p style=\"text-align: justify;\">Mika Tsuyuki<\/p>\n<p style=\"text-align: justify;\">Vil\u00e1 Abogados<\/p>\n<p>&nbsp;<\/p>\n<p style=\"text-align: justify;\">F\u00fcr weitere Informationen wenden Sie sich bitte an<\/p>\n<p style=\"text-align: justify;\"><span style=\"color: #3366ff;\"><a style=\"color: #3366ff;\" href=\"mailto:va@vila.es\">va@vila.es<\/a><\/span><\/p>\n<p>&nbsp;<\/p>\n<p style=\"text-align: justify;\">\u00a07. August 2020<\/p>\n","protected":false},"excerpt":{"rendered":"<p>Im Staatsanzeiger vom 2. Juli 2020 wurde ein Beschluss der Generaldirektion f\u00fcr Rechtssicherheit und \u00f6ffentliches Vertrauen (die \u201cDirektion\u201d) in der Berufung gegen die negative Einstufung des Madrider Handelsregisters XXIII zur Eintragung einer Entlassungsurkunde und Ernennung eines Firmendirektors ver\u00f6ffentlicht. In diesem Fall wird eine Entlassungsurkunde und die Ernennung eines einzigen Direktors eingereicht. In derselben Urkunde wird  [&#8230;]<\/p>\n","protected":false},"author":4,"featured_media":4735,"comment_status":"open","ping_status":"closed","sticky":false,"template":"","format":"standard","meta":{"footnotes":""},"categories":[92],"tags":[],"class_list":["post-6808","post","type-post","status-publish","format-standard","has-post-thumbnail","hentry","category-gesellschaftsrecht"],"yoast_head":"<!-- This site is optimized with the Yoast SEO plugin v27.1.1 - https:\/\/yoast.com\/product\/yoast-seo-wordpress\/ -->\n<title>K\u00dcNDIGUNGSMITTEILUNG AN DEN FR\u00dcHEREN VERWALTER - Vil\u00e1 Abogados<\/title>\n<meta name=\"robots\" content=\"index, follow, max-snippet:-1, max-image-preview:large, max-video-preview:-1\" \/>\n<link rel=\"canonical\" href=\"https:\/\/vila.es\/societario\/notificacion-de-cese-al-administrador-anterior\/\" \/>\n<meta property=\"og:locale\" content=\"de_DE\" \/>\n<meta property=\"og:type\" content=\"article\" \/>\n<meta property=\"og:title\" content=\"K\u00dcNDIGUNGSMITTEILUNG AN DEN FR\u00dcHEREN VERWALTER - Vil\u00e1 Abogados\" \/>\n<meta property=\"og:description\" content=\"Im Staatsanzeiger vom 2. Juli 2020 wurde ein Beschluss der Generaldirektion f\u00fcr Rechtssicherheit und \u00f6ffentliches Vertrauen (die \u201cDirektion\u201d) in der Berufung gegen die negative Einstufung des Madrider Handelsregisters XXIII zur Eintragung einer Entlassungsurkunde und Ernennung eines Firmendirektors ver\u00f6ffentlicht. In diesem Fall wird eine Entlassungsurkunde und die Ernennung eines einzigen Direktors eingereicht. In derselben Urkunde wird [...]\" \/>\n<meta property=\"og:url\" content=\"https:\/\/vila.es\/societario\/notificacion-de-cese-al-administrador-anterior\/\" \/>\n<meta property=\"og:site_name\" content=\"Vil\u00e1 Abogados\" \/>\n<meta property=\"article:published_time\" content=\"2020-08-07T15:08:20+00:00\" \/>\n<meta property=\"article:modified_time\" content=\"2022-08-04T13:48:07+00:00\" \/>\n<meta property=\"og:image\" content=\"https:\/\/vila.es\/wp-content\/uploads\/2020\/07\/societario.jpg\" \/>\n\t<meta property=\"og:image:width\" content=\"669\" \/>\n\t<meta property=\"og:image:height\" content=\"272\" \/>\n\t<meta property=\"og:image:type\" content=\"image\/jpeg\" \/>\n<meta name=\"author\" content=\"Vil\u00e1 Abogados\" \/>\n<meta name=\"twitter:card\" content=\"summary_large_image\" \/>\n<meta name=\"twitter:label1\" content=\"Verfasst von\" \/>\n\t<meta name=\"twitter:data1\" content=\"Vil\u00e1 Abogados\" \/>\n\t<meta name=\"twitter:label2\" content=\"Gesch\u00e4tzte Lesezeit\" \/>\n\t<meta name=\"twitter:data2\" content=\"3\u00a0Minuten\" \/>\n<script type=\"application\/ld+json\" class=\"yoast-schema-graph\">{\"@context\":\"https:\/\/schema.org\",\"@graph\":[{\"@type\":\"Article\",\"@id\":\"https:\/\/vila.es\/societario\/notificacion-de-cese-al-administrador-anterior\/#article\",\"isPartOf\":{\"@id\":\"https:\/\/vila.es\/societario\/notificacion-de-cese-al-administrador-anterior\/\"},\"author\":{\"name\":\"Vil\u00e1 Abogados\",\"@id\":\"https:\/\/vila.es\/en\/#\/schema\/person\/1338568a83d16fbfd6073c8cc4834904\"},\"headline\":\"K\u00dcNDIGUNGSMITTEILUNG AN DEN FR\u00dcHEREN VERWALTER\",\"datePublished\":\"2020-08-07T15:08:20+00:00\",\"dateModified\":\"2022-08-04T13:48:07+00:00\",\"mainEntityOfPage\":{\"@id\":\"https:\/\/vila.es\/societario\/notificacion-de-cese-al-administrador-anterior\/\"},\"wordCount\":577,\"commentCount\":0,\"image\":{\"@id\":\"https:\/\/vila.es\/societario\/notificacion-de-cese-al-administrador-anterior\/#primaryimage\"},\"thumbnailUrl\":\"https:\/\/vila.es\/wp-content\/uploads\/2020\/07\/societario.jpg\",\"articleSection\":[\"Gesellschaftsrecht\"],\"inLanguage\":\"de\",\"potentialAction\":[{\"@type\":\"CommentAction\",\"name\":\"Comment\",\"target\":[\"https:\/\/vila.es\/societario\/notificacion-de-cese-al-administrador-anterior\/#respond\"]}]},{\"@type\":\"WebPage\",\"@id\":\"https:\/\/vila.es\/societario\/notificacion-de-cese-al-administrador-anterior\/\",\"url\":\"https:\/\/vila.es\/societario\/notificacion-de-cese-al-administrador-anterior\/\",\"name\":\"K\u00dcNDIGUNGSMITTEILUNG AN DEN FR\u00dcHEREN VERWALTER - Vil\u00e1 Abogados\",\"isPartOf\":{\"@id\":\"https:\/\/vila.es\/en\/#website\"},\"primaryImageOfPage\":{\"@id\":\"https:\/\/vila.es\/societario\/notificacion-de-cese-al-administrador-anterior\/#primaryimage\"},\"image\":{\"@id\":\"https:\/\/vila.es\/societario\/notificacion-de-cese-al-administrador-anterior\/#primaryimage\"},\"thumbnailUrl\":\"https:\/\/vila.es\/wp-content\/uploads\/2020\/07\/societario.jpg\",\"datePublished\":\"2020-08-07T15:08:20+00:00\",\"dateModified\":\"2022-08-04T13:48:07+00:00\",\"author\":{\"@id\":\"https:\/\/vila.es\/en\/#\/schema\/person\/1338568a83d16fbfd6073c8cc4834904\"},\"breadcrumb\":{\"@id\":\"https:\/\/vila.es\/societario\/notificacion-de-cese-al-administrador-anterior\/#breadcrumb\"},\"inLanguage\":\"de\",\"potentialAction\":[{\"@type\":\"ReadAction\",\"target\":[\"https:\/\/vila.es\/societario\/notificacion-de-cese-al-administrador-anterior\/\"]}]},{\"@type\":\"ImageObject\",\"inLanguage\":\"de\",\"@id\":\"https:\/\/vila.es\/societario\/notificacion-de-cese-al-administrador-anterior\/#primaryimage\",\"url\":\"https:\/\/vila.es\/wp-content\/uploads\/2020\/07\/societario.jpg\",\"contentUrl\":\"https:\/\/vila.es\/wp-content\/uploads\/2020\/07\/societario.jpg\",\"width\":669,\"height\":272},{\"@type\":\"BreadcrumbList\",\"@id\":\"https:\/\/vila.es\/societario\/notificacion-de-cese-al-administrador-anterior\/#breadcrumb\",\"itemListElement\":[{\"@type\":\"ListItem\",\"position\":1,\"name\":\"Portada\",\"item\":\"https:\/\/vila.es\/de\/\"},{\"@type\":\"ListItem\",\"position\":2,\"name\":\"K\u00dcNDIGUNGSMITTEILUNG AN DEN FR\u00dcHEREN VERWALTER\"}]},{\"@type\":\"WebSite\",\"@id\":\"https:\/\/vila.es\/en\/#website\",\"url\":\"https:\/\/vila.es\/en\/\",\"name\":\"Vil\u00e1 Abogados\",\"description\":\"Damos soporte jur\u00eddico a proyectos e iniciativas de negocio de empresas y de emprendedores extranjeros y nacionales\",\"potentialAction\":[{\"@type\":\"SearchAction\",\"target\":{\"@type\":\"EntryPoint\",\"urlTemplate\":\"https:\/\/vila.es\/en\/?s={search_term_string}\"},\"query-input\":{\"@type\":\"PropertyValueSpecification\",\"valueRequired\":true,\"valueName\":\"search_term_string\"}}],\"inLanguage\":\"de\"},{\"@type\":\"Person\",\"@id\":\"https:\/\/vila.es\/en\/#\/schema\/person\/1338568a83d16fbfd6073c8cc4834904\",\"name\":\"Vil\u00e1 Abogados\",\"image\":{\"@type\":\"ImageObject\",\"inLanguage\":\"de\",\"@id\":\"https:\/\/vila.es\/en\/#\/schema\/person\/image\/\",\"url\":\"https:\/\/secure.gravatar.com\/avatar\/80372a28ffd84e8b62261dc710c686e32c574bf8a1c71bfd6ebfba0f351a081b?s=96&d=mm&r=g\",\"contentUrl\":\"https:\/\/secure.gravatar.com\/avatar\/80372a28ffd84e8b62261dc710c686e32c574bf8a1c71bfd6ebfba0f351a081b?s=96&d=mm&r=g\",\"caption\":\"Vil\u00e1 Abogados\"},\"url\":\"https:\/\/vila.es\/de\/author\/vilaes\/\"}]}<\/script>\n<!-- \/ Yoast SEO plugin. -->","yoast_head_json":{"title":"K\u00dcNDIGUNGSMITTEILUNG AN DEN FR\u00dcHEREN VERWALTER - Vil\u00e1 Abogados","robots":{"index":"index","follow":"follow","max-snippet":"max-snippet:-1","max-image-preview":"max-image-preview:large","max-video-preview":"max-video-preview:-1"},"canonical":"https:\/\/vila.es\/societario\/notificacion-de-cese-al-administrador-anterior\/","og_locale":"de_DE","og_type":"article","og_title":"K\u00dcNDIGUNGSMITTEILUNG AN DEN FR\u00dcHEREN VERWALTER - Vil\u00e1 Abogados","og_description":"Im Staatsanzeiger vom 2. Juli 2020 wurde ein Beschluss der Generaldirektion f\u00fcr Rechtssicherheit und \u00f6ffentliches Vertrauen (die \u201cDirektion\u201d) in der Berufung gegen die negative Einstufung des Madrider Handelsregisters XXIII zur Eintragung einer Entlassungsurkunde und Ernennung eines Firmendirektors ver\u00f6ffentlicht. In diesem Fall wird eine Entlassungsurkunde und die Ernennung eines einzigen Direktors eingereicht. In derselben Urkunde wird [...]","og_url":"https:\/\/vila.es\/societario\/notificacion-de-cese-al-administrador-anterior\/","og_site_name":"Vil\u00e1 Abogados","article_published_time":"2020-08-07T15:08:20+00:00","article_modified_time":"2022-08-04T13:48:07+00:00","og_image":[{"width":669,"height":272,"url":"https:\/\/vila.es\/wp-content\/uploads\/2020\/07\/societario.jpg","type":"image\/jpeg"}],"author":"Vil\u00e1 Abogados","twitter_card":"summary_large_image","twitter_misc":{"Verfasst von":"Vil\u00e1 Abogados","Gesch\u00e4tzte Lesezeit":"3\u00a0Minuten"},"schema":{"@context":"https:\/\/schema.org","@graph":[{"@type":"Article","@id":"https:\/\/vila.es\/societario\/notificacion-de-cese-al-administrador-anterior\/#article","isPartOf":{"@id":"https:\/\/vila.es\/societario\/notificacion-de-cese-al-administrador-anterior\/"},"author":{"name":"Vil\u00e1 Abogados","@id":"https:\/\/vila.es\/en\/#\/schema\/person\/1338568a83d16fbfd6073c8cc4834904"},"headline":"K\u00dcNDIGUNGSMITTEILUNG AN DEN FR\u00dcHEREN VERWALTER","datePublished":"2020-08-07T15:08:20+00:00","dateModified":"2022-08-04T13:48:07+00:00","mainEntityOfPage":{"@id":"https:\/\/vila.es\/societario\/notificacion-de-cese-al-administrador-anterior\/"},"wordCount":577,"commentCount":0,"image":{"@id":"https:\/\/vila.es\/societario\/notificacion-de-cese-al-administrador-anterior\/#primaryimage"},"thumbnailUrl":"https:\/\/vila.es\/wp-content\/uploads\/2020\/07\/societario.jpg","articleSection":["Gesellschaftsrecht"],"inLanguage":"de","potentialAction":[{"@type":"CommentAction","name":"Comment","target":["https:\/\/vila.es\/societario\/notificacion-de-cese-al-administrador-anterior\/#respond"]}]},{"@type":"WebPage","@id":"https:\/\/vila.es\/societario\/notificacion-de-cese-al-administrador-anterior\/","url":"https:\/\/vila.es\/societario\/notificacion-de-cese-al-administrador-anterior\/","name":"K\u00dcNDIGUNGSMITTEILUNG AN DEN FR\u00dcHEREN VERWALTER - Vil\u00e1 Abogados","isPartOf":{"@id":"https:\/\/vila.es\/en\/#website"},"primaryImageOfPage":{"@id":"https:\/\/vila.es\/societario\/notificacion-de-cese-al-administrador-anterior\/#primaryimage"},"image":{"@id":"https:\/\/vila.es\/societario\/notificacion-de-cese-al-administrador-anterior\/#primaryimage"},"thumbnailUrl":"https:\/\/vila.es\/wp-content\/uploads\/2020\/07\/societario.jpg","datePublished":"2020-08-07T15:08:20+00:00","dateModified":"2022-08-04T13:48:07+00:00","author":{"@id":"https:\/\/vila.es\/en\/#\/schema\/person\/1338568a83d16fbfd6073c8cc4834904"},"breadcrumb":{"@id":"https:\/\/vila.es\/societario\/notificacion-de-cese-al-administrador-anterior\/#breadcrumb"},"inLanguage":"de","potentialAction":[{"@type":"ReadAction","target":["https:\/\/vila.es\/societario\/notificacion-de-cese-al-administrador-anterior\/"]}]},{"@type":"ImageObject","inLanguage":"de","@id":"https:\/\/vila.es\/societario\/notificacion-de-cese-al-administrador-anterior\/#primaryimage","url":"https:\/\/vila.es\/wp-content\/uploads\/2020\/07\/societario.jpg","contentUrl":"https:\/\/vila.es\/wp-content\/uploads\/2020\/07\/societario.jpg","width":669,"height":272},{"@type":"BreadcrumbList","@id":"https:\/\/vila.es\/societario\/notificacion-de-cese-al-administrador-anterior\/#breadcrumb","itemListElement":[{"@type":"ListItem","position":1,"name":"Portada","item":"https:\/\/vila.es\/de\/"},{"@type":"ListItem","position":2,"name":"K\u00dcNDIGUNGSMITTEILUNG AN DEN FR\u00dcHEREN VERWALTER"}]},{"@type":"WebSite","@id":"https:\/\/vila.es\/en\/#website","url":"https:\/\/vila.es\/en\/","name":"Vil\u00e1 Abogados","description":"Damos soporte jur\u00eddico a proyectos e iniciativas de negocio de empresas y de emprendedores extranjeros y nacionales","potentialAction":[{"@type":"SearchAction","target":{"@type":"EntryPoint","urlTemplate":"https:\/\/vila.es\/en\/?s={search_term_string}"},"query-input":{"@type":"PropertyValueSpecification","valueRequired":true,"valueName":"search_term_string"}}],"inLanguage":"de"},{"@type":"Person","@id":"https:\/\/vila.es\/en\/#\/schema\/person\/1338568a83d16fbfd6073c8cc4834904","name":"Vil\u00e1 Abogados","image":{"@type":"ImageObject","inLanguage":"de","@id":"https:\/\/vila.es\/en\/#\/schema\/person\/image\/","url":"https:\/\/secure.gravatar.com\/avatar\/80372a28ffd84e8b62261dc710c686e32c574bf8a1c71bfd6ebfba0f351a081b?s=96&d=mm&r=g","contentUrl":"https:\/\/secure.gravatar.com\/avatar\/80372a28ffd84e8b62261dc710c686e32c574bf8a1c71bfd6ebfba0f351a081b?s=96&d=mm&r=g","caption":"Vil\u00e1 Abogados"},"url":"https:\/\/vila.es\/de\/author\/vilaes\/"}]}},"_links":{"self":[{"href":"https:\/\/vila.es\/de\/wp-json\/wp\/v2\/posts\/6808","targetHints":{"allow":["GET"]}}],"collection":[{"href":"https:\/\/vila.es\/de\/wp-json\/wp\/v2\/posts"}],"about":[{"href":"https:\/\/vila.es\/de\/wp-json\/wp\/v2\/types\/post"}],"author":[{"embeddable":true,"href":"https:\/\/vila.es\/de\/wp-json\/wp\/v2\/users\/4"}],"replies":[{"embeddable":true,"href":"https:\/\/vila.es\/de\/wp-json\/wp\/v2\/comments?post=6808"}],"version-history":[{"count":3,"href":"https:\/\/vila.es\/de\/wp-json\/wp\/v2\/posts\/6808\/revisions"}],"predecessor-version":[{"id":7042,"href":"https:\/\/vila.es\/de\/wp-json\/wp\/v2\/posts\/6808\/revisions\/7042"}],"wp:featuredmedia":[{"embeddable":true,"href":"https:\/\/vila.es\/de\/wp-json\/wp\/v2\/media\/4735"}],"wp:attachment":[{"href":"https:\/\/vila.es\/de\/wp-json\/wp\/v2\/media?parent=6808"}],"wp:term":[{"taxonomy":"category","embeddable":true,"href":"https:\/\/vila.es\/de\/wp-json\/wp\/v2\/categories?post=6808"},{"taxonomy":"post_tag","embeddable":true,"href":"https:\/\/vila.es\/de\/wp-json\/wp\/v2\/tags?post=6808"}],"curies":[{"name":"wp","href":"https:\/\/api.w.org\/{rel}","templated":true}]}}