{"id":4414,"date":"2018-02-23T10:54:18","date_gmt":"2018-02-23T10:54:18","guid":{"rendered":"https:\/\/vila.es\/de\/?p=2371"},"modified":"2020-11-17T17:54:22","modified_gmt":"2020-11-17T17:54:22","slug":"tagesordnungserweiterung-der-generalversammlung-spanien-entscheidung-des-vorstandes","status":"publish","type":"post","link":"https:\/\/vila.es\/de\/gesellschaftsrecht\/tagesordnungserweiterung-der-generalversammlung-spanien-entscheidung-des-vorstandes\/","title":{"rendered":"TAGESORDNUNGSERWEITERUNG DER GENERALVERSAMMLUNG IN SPANIEN. ENTSCHEIDUNG DES VORSTANDES"},"content":{"rendered":"<p style=\"text-align: justify;\">Artikel 166 des Kapitalgesellschaftsgesetzes (span.: \u201eLSC\u201c) legt fest, dass die\u00a0Einberufungsbefugnis der Generalversammlung laut Gesetz\u00a0ausschlie\u00dflich\u00a0den Administratoren zusteht, mit Ausnahme von Gesellschaften in Liquidation (Konkursverfahren).<\/p>\n<p style=\"text-align: justify;\">Das Thema dieses Artikels ist das Folgende:<\/p>\n<p style=\"text-align: justify;\">Eine Aktiengesellschaft ver\u00f6ffentlichte in der BOE (nationales\u00a0Amtsblatt) eine Einberufungsank\u00fcndigung. Die Einberufung wurde seitens des Vorstandes der Aktiengesellschaft\u00a0durchgef\u00fchrt. Danach verlangte ein Minderheitsaktion\u00e4r, der mehr als 5% der Aktien des Kapitals besitzt, die erneute Einberufung bestimmter Tagesordnungspunkte. Ist\u00a0f\u00fcr die Aufnahme weiterer Tagesordnungspunkte eine Zustimmung des Vorstandes erforderlich?<\/p>\n<p style=\"text-align: justify;\">Die Generaldirektion der Register und Notariate (im Folgende, \u201eDGRN\u201c) beantwortet diese Frage in ihrer Entscheidung vom 31. Januar 2017.\u00a0Die DGRN legte fest, dass in\u00a0einer Aktiengesellschaft, deren Generalversammlung bereits einberufen wurde, der Antrag auf Tagesordnungserweiterung des Artikels 172 LSC der vorherigen Zustimmung des Vorstands bedarf.\u00a0Basierend auf dem Folgenden:<\/p>\n<p style=\"padding-left: 40px; text-align: justify;\">&#8211; Wie wir schon informiert haben, steht\u00a0die Einberufungsbefugnis der Generalversammlung gesetzlich ausschlie\u00dflich dem Verwaltungsorgan gem\u00e4\u00df Art. 166 LSC zu\u00a0(bzw. den\u00a0Liquidatoren im Falle eines Konkursverfahrens).<\/p>\n<p style=\"padding-left: 40px; text-align: justify;\">&#8211; Der Vorstand ist befugt, eine Generalversammlung einzuberufen, die Tagesordnungsthemen\u00a0zu festzulegen und Antr\u00e4ge zu stellen. Diese Befugnisse gelten als nicht \u00fcbertragbar.<\/p>\n<p style=\"padding-left: 40px; text-align: justify;\">-Wenn das Gesetz den Administratoren eine solche Kompetenz anerkennt, wird sie allen Mitgliedern des Verwaltungsorgans gemeinsam gew\u00e4hrt und nicht jedem seiner Mitglieder &#8222;uti singuli&#8220; (einzeln). Wenn sich die Gesellschaft f\u00fcr die Struktur des Vorstands entschieden hat, soll dieser\u00a0die Entscheidung \u00fcber die Einberufung der Sitzung zu treffen.<\/p>\n<p style=\"padding-left: 40px; text-align: justify;\">-Die Vereinbarungen die von der Generalversammlung innerhalb ihrer Kompetenzen festgelegt werden, sind nur\u00a0durch\u00a0gesetzliche oder statutarische\u00a0Mehrheit\u00a0g\u00fcltig. Sie m\u00fcssen\u00a0daher die\u00a0Voraussetzungen der Errichtung\u00a0erf\u00fcllen,\u00a0was dazu f\u00fchrt, dass die Einberufung die Tagesordnung beinhaltet.<\/p>\n<p style=\"padding-left: 40px; text-align: justify;\">-Wenn die Einberufungsbefugnis der Aktiengesellschaft dem Vorstand zusteht, dann kann diese nicht\u00a0durch den\u00a0Pr\u00e4sidenten oder eines seiner Mitglieder ausgef\u00fchrt werden, sondern nur gerichtlich. Bei\u00a0Ung\u00fcltigkeit der Einberufung oder deren\u00a0Nichtzustandekommen werden die in der Generalversammlung getroffenen Vereinbarungen\u00a0ung\u00fcltig.<\/p>\n<p style=\"padding-left: 40px; text-align: justify;\">-Dies trifft auch zu, wenn\u00a0ausserordentliche Tagesordnungspunkte\u00a0verlangt werden laut Artikel 172 LSC. Eine weitere Entscheidung der DGRN von 1. Oktober 2013 zu einem\u00a0\u00e4hnlichen\u00a0Fall\u00a0etablierte in der folgenden Doktrin: &#8222;der Vorstand besitzt die ausschliessliche Kompetenz die Generalversammlung\u00a0einzuberufen, auch wenn dies\u00a0ein Aktion\u00e4r, der mindestens 5% des Gesellschaftskapitals besitzt,\u00a0verlangt (laut Gesetz).<\/p>\n<p style=\"text-align: justify;\">Infolgedessen darf die Handelskammer\u00a0das Protokoll der Generalversammlung\u00a0nicht ins Handelsregister\u00a0aufnehmen.<\/p>\n<p>&nbsp;<\/p>\n<p>&nbsp;<\/p>\n<p style=\"text-align: justify;\">Mika Otomo<\/p>\n<p style=\"text-align: justify;\">Vil\u00e1 Abogados<\/p>\n<p>&nbsp;<\/p>\n<p style=\"text-align: justify;\">F\u00fcr weitere Informationen kontaktieren Sie bitte:<\/p>\n<p style=\"text-align: justify;\"><span style=\"color: #3366ff;\"><a style=\"color: #3366ff;\" href=\"mailto:va@vila.es\">va@vila.es<\/a><\/span><\/p>\n<p>&nbsp;<\/p>\n<p style=\"text-align: justify;\">23. Februar 2018<\/p>\n","protected":false},"excerpt":{"rendered":"<p>Artikel 166 des Kapitalgesellschaftsgesetzes (span.: \u201eLSC\u201c) legt fest, dass die\u00a0Einberufungsbefugnis der Generalversammlung laut Gesetz\u00a0ausschlie\u00dflich\u00a0den Administratoren zusteht, mit Ausnahme von Gesellschaften in Liquidation (Konkursverfahren). Das Thema dieses Artikels ist das Folgende: Eine Aktiengesellschaft ver\u00f6ffentlichte in der BOE (nationales\u00a0Amtsblatt) eine Einberufungsank\u00fcndigung. Die Einberufung wurde seitens des Vorstandes der Aktiengesellschaft\u00a0durchgef\u00fchrt. Danach verlangte ein Minderheitsaktion\u00e4r, der mehr als 5%  [&#8230;]<\/p>\n","protected":false},"author":4,"featured_media":4735,"comment_status":"open","ping_status":"closed","sticky":false,"template":"","format":"standard","meta":{"footnotes":""},"categories":[92],"tags":[],"class_list":["post-4414","post","type-post","status-publish","format-standard","has-post-thumbnail","hentry","category-gesellschaftsrecht"],"yoast_head":"<!-- This site is optimized with the Yoast SEO plugin v27.1.1 - https:\/\/yoast.com\/product\/yoast-seo-wordpress\/ -->\n<title>TAGESORDNUNGSERWEITERUNG DER GENERALVERSAMMLUNG IN SPANIEN. ENTSCHEIDUNG DES VORSTANDES.<\/title>\n<meta name=\"robots\" content=\"index, follow, max-snippet:-1, max-image-preview:large, max-video-preview:-1\" \/>\n<link rel=\"canonical\" href=\"https:\/\/vila.es\/de\/gesellschaftsrecht\/tagesordnungserweiterung-der-generalversammlung-spanien-entscheidung-des-vorstandes\/\" \/>\n<meta property=\"og:locale\" content=\"de_DE\" \/>\n<meta property=\"og:type\" content=\"article\" \/>\n<meta property=\"og:title\" content=\"TAGESORDNUNGSERWEITERUNG DER GENERALVERSAMMLUNG IN SPANIEN. ENTSCHEIDUNG DES VORSTANDES.\" \/>\n<meta property=\"og:description\" content=\"Artikel 166 des Kapitalgesellschaftsgesetzes (span.: \u201eLSC\u201c) legt fest, dass die\u00a0Einberufungsbefugnis der Generalversammlung laut Gesetz\u00a0ausschlie\u00dflich\u00a0den Administratoren zusteht, mit Ausnahme von Gesellschaften in Liquidation (Konkursverfahren). Das Thema dieses Artikels ist das Folgende: Eine Aktiengesellschaft ver\u00f6ffentlichte in der BOE (nationales\u00a0Amtsblatt) eine Einberufungsank\u00fcndigung. Die Einberufung wurde seitens des Vorstandes der Aktiengesellschaft\u00a0durchgef\u00fchrt. Danach verlangte ein Minderheitsaktion\u00e4r, der mehr als 5% [...]\" \/>\n<meta property=\"og:url\" content=\"https:\/\/vila.es\/de\/gesellschaftsrecht\/tagesordnungserweiterung-der-generalversammlung-spanien-entscheidung-des-vorstandes\/\" \/>\n<meta property=\"og:site_name\" content=\"Vil\u00e1 Abogados\" \/>\n<meta property=\"article:published_time\" content=\"2018-02-23T10:54:18+00:00\" \/>\n<meta property=\"article:modified_time\" content=\"2020-11-17T17:54:22+00:00\" \/>\n<meta property=\"og:image\" content=\"https:\/\/vila.es\/wp-content\/uploads\/2020\/07\/societario.jpg\" \/>\n\t<meta property=\"og:image:width\" content=\"669\" \/>\n\t<meta property=\"og:image:height\" content=\"272\" \/>\n\t<meta property=\"og:image:type\" content=\"image\/jpeg\" \/>\n<meta name=\"author\" content=\"Vil\u00e1 Abogados\" \/>\n<meta name=\"twitter:card\" content=\"summary_large_image\" \/>\n<meta name=\"twitter:label1\" content=\"Verfasst von\" \/>\n\t<meta name=\"twitter:data1\" content=\"Vil\u00e1 Abogados\" \/>\n\t<meta name=\"twitter:label2\" content=\"Gesch\u00e4tzte Lesezeit\" \/>\n\t<meta name=\"twitter:data2\" content=\"2\u00a0Minuten\" \/>\n<script type=\"application\/ld+json\" class=\"yoast-schema-graph\">{\"@context\":\"https:\/\/schema.org\",\"@graph\":[{\"@type\":\"Article\",\"@id\":\"https:\/\/vila.es\/de\/gesellschaftsrecht\/tagesordnungserweiterung-der-generalversammlung-spanien-entscheidung-des-vorstandes\/#article\",\"isPartOf\":{\"@id\":\"https:\/\/vila.es\/de\/gesellschaftsrecht\/tagesordnungserweiterung-der-generalversammlung-spanien-entscheidung-des-vorstandes\/\"},\"author\":{\"name\":\"Vil\u00e1 Abogados\",\"@id\":\"https:\/\/vila.es\/en\/#\/schema\/person\/1338568a83d16fbfd6073c8cc4834904\"},\"headline\":\"TAGESORDNUNGSERWEITERUNG DER GENERALVERSAMMLUNG IN SPANIEN. ENTSCHEIDUNG DES VORSTANDES\",\"datePublished\":\"2018-02-23T10:54:18+00:00\",\"dateModified\":\"2020-11-17T17:54:22+00:00\",\"mainEntityOfPage\":{\"@id\":\"https:\/\/vila.es\/de\/gesellschaftsrecht\/tagesordnungserweiterung-der-generalversammlung-spanien-entscheidung-des-vorstandes\/\"},\"wordCount\":404,\"commentCount\":0,\"image\":{\"@id\":\"https:\/\/vila.es\/de\/gesellschaftsrecht\/tagesordnungserweiterung-der-generalversammlung-spanien-entscheidung-des-vorstandes\/#primaryimage\"},\"thumbnailUrl\":\"https:\/\/vila.es\/wp-content\/uploads\/2020\/07\/societario.jpg\",\"articleSection\":[\"Gesellschaftsrecht\"],\"inLanguage\":\"de\",\"potentialAction\":[{\"@type\":\"CommentAction\",\"name\":\"Comment\",\"target\":[\"https:\/\/vila.es\/de\/gesellschaftsrecht\/tagesordnungserweiterung-der-generalversammlung-spanien-entscheidung-des-vorstandes\/#respond\"]}]},{\"@type\":\"WebPage\",\"@id\":\"https:\/\/vila.es\/de\/gesellschaftsrecht\/tagesordnungserweiterung-der-generalversammlung-spanien-entscheidung-des-vorstandes\/\",\"url\":\"https:\/\/vila.es\/de\/gesellschaftsrecht\/tagesordnungserweiterung-der-generalversammlung-spanien-entscheidung-des-vorstandes\/\",\"name\":\"TAGESORDNUNGSERWEITERUNG DER GENERALVERSAMMLUNG IN SPANIEN. ENTSCHEIDUNG DES VORSTANDES.\",\"isPartOf\":{\"@id\":\"https:\/\/vila.es\/en\/#website\"},\"primaryImageOfPage\":{\"@id\":\"https:\/\/vila.es\/de\/gesellschaftsrecht\/tagesordnungserweiterung-der-generalversammlung-spanien-entscheidung-des-vorstandes\/#primaryimage\"},\"image\":{\"@id\":\"https:\/\/vila.es\/de\/gesellschaftsrecht\/tagesordnungserweiterung-der-generalversammlung-spanien-entscheidung-des-vorstandes\/#primaryimage\"},\"thumbnailUrl\":\"https:\/\/vila.es\/wp-content\/uploads\/2020\/07\/societario.jpg\",\"datePublished\":\"2018-02-23T10:54:18+00:00\",\"dateModified\":\"2020-11-17T17:54:22+00:00\",\"author\":{\"@id\":\"https:\/\/vila.es\/en\/#\/schema\/person\/1338568a83d16fbfd6073c8cc4834904\"},\"breadcrumb\":{\"@id\":\"https:\/\/vila.es\/de\/gesellschaftsrecht\/tagesordnungserweiterung-der-generalversammlung-spanien-entscheidung-des-vorstandes\/#breadcrumb\"},\"inLanguage\":\"de\",\"potentialAction\":[{\"@type\":\"ReadAction\",\"target\":[\"https:\/\/vila.es\/de\/gesellschaftsrecht\/tagesordnungserweiterung-der-generalversammlung-spanien-entscheidung-des-vorstandes\/\"]}]},{\"@type\":\"ImageObject\",\"inLanguage\":\"de\",\"@id\":\"https:\/\/vila.es\/de\/gesellschaftsrecht\/tagesordnungserweiterung-der-generalversammlung-spanien-entscheidung-des-vorstandes\/#primaryimage\",\"url\":\"https:\/\/vila.es\/wp-content\/uploads\/2020\/07\/societario.jpg\",\"contentUrl\":\"https:\/\/vila.es\/wp-content\/uploads\/2020\/07\/societario.jpg\",\"width\":669,\"height\":272},{\"@type\":\"BreadcrumbList\",\"@id\":\"https:\/\/vila.es\/de\/gesellschaftsrecht\/tagesordnungserweiterung-der-generalversammlung-spanien-entscheidung-des-vorstandes\/#breadcrumb\",\"itemListElement\":[{\"@type\":\"ListItem\",\"position\":1,\"name\":\"Portada\",\"item\":\"https:\/\/vila.es\/de\/\"},{\"@type\":\"ListItem\",\"position\":2,\"name\":\"TAGESORDNUNGSERWEITERUNG DER GENERALVERSAMMLUNG IN SPANIEN. ENTSCHEIDUNG DES VORSTANDES\"}]},{\"@type\":\"WebSite\",\"@id\":\"https:\/\/vila.es\/en\/#website\",\"url\":\"https:\/\/vila.es\/en\/\",\"name\":\"Vil\u00e1 Abogados\",\"description\":\"Damos soporte jur\u00eddico a proyectos e iniciativas de negocio de empresas y de emprendedores extranjeros y nacionales\",\"potentialAction\":[{\"@type\":\"SearchAction\",\"target\":{\"@type\":\"EntryPoint\",\"urlTemplate\":\"https:\/\/vila.es\/en\/?s={search_term_string}\"},\"query-input\":{\"@type\":\"PropertyValueSpecification\",\"valueRequired\":true,\"valueName\":\"search_term_string\"}}],\"inLanguage\":\"de\"},{\"@type\":\"Person\",\"@id\":\"https:\/\/vila.es\/en\/#\/schema\/person\/1338568a83d16fbfd6073c8cc4834904\",\"name\":\"Vil\u00e1 Abogados\",\"image\":{\"@type\":\"ImageObject\",\"inLanguage\":\"de\",\"@id\":\"https:\/\/vila.es\/en\/#\/schema\/person\/image\/\",\"url\":\"https:\/\/secure.gravatar.com\/avatar\/80372a28ffd84e8b62261dc710c686e32c574bf8a1c71bfd6ebfba0f351a081b?s=96&d=mm&r=g\",\"contentUrl\":\"https:\/\/secure.gravatar.com\/avatar\/80372a28ffd84e8b62261dc710c686e32c574bf8a1c71bfd6ebfba0f351a081b?s=96&d=mm&r=g\",\"caption\":\"Vil\u00e1 Abogados\"},\"url\":\"https:\/\/vila.es\/de\/author\/vilaes\/\"}]}<\/script>\n<!-- \/ Yoast SEO plugin. -->","yoast_head_json":{"title":"TAGESORDNUNGSERWEITERUNG DER GENERALVERSAMMLUNG IN SPANIEN. ENTSCHEIDUNG DES VORSTANDES.","robots":{"index":"index","follow":"follow","max-snippet":"max-snippet:-1","max-image-preview":"max-image-preview:large","max-video-preview":"max-video-preview:-1"},"canonical":"https:\/\/vila.es\/de\/gesellschaftsrecht\/tagesordnungserweiterung-der-generalversammlung-spanien-entscheidung-des-vorstandes\/","og_locale":"de_DE","og_type":"article","og_title":"TAGESORDNUNGSERWEITERUNG DER GENERALVERSAMMLUNG IN SPANIEN. ENTSCHEIDUNG DES VORSTANDES.","og_description":"Artikel 166 des Kapitalgesellschaftsgesetzes (span.: \u201eLSC\u201c) legt fest, dass die\u00a0Einberufungsbefugnis der Generalversammlung laut Gesetz\u00a0ausschlie\u00dflich\u00a0den Administratoren zusteht, mit Ausnahme von Gesellschaften in Liquidation (Konkursverfahren). Das Thema dieses Artikels ist das Folgende: Eine Aktiengesellschaft ver\u00f6ffentlichte in der BOE (nationales\u00a0Amtsblatt) eine Einberufungsank\u00fcndigung. Die Einberufung wurde seitens des Vorstandes der Aktiengesellschaft\u00a0durchgef\u00fchrt. Danach verlangte ein Minderheitsaktion\u00e4r, der mehr als 5% [...]","og_url":"https:\/\/vila.es\/de\/gesellschaftsrecht\/tagesordnungserweiterung-der-generalversammlung-spanien-entscheidung-des-vorstandes\/","og_site_name":"Vil\u00e1 Abogados","article_published_time":"2018-02-23T10:54:18+00:00","article_modified_time":"2020-11-17T17:54:22+00:00","og_image":[{"width":669,"height":272,"url":"https:\/\/vila.es\/wp-content\/uploads\/2020\/07\/societario.jpg","type":"image\/jpeg"}],"author":"Vil\u00e1 Abogados","twitter_card":"summary_large_image","twitter_misc":{"Verfasst von":"Vil\u00e1 Abogados","Gesch\u00e4tzte Lesezeit":"2\u00a0Minuten"},"schema":{"@context":"https:\/\/schema.org","@graph":[{"@type":"Article","@id":"https:\/\/vila.es\/de\/gesellschaftsrecht\/tagesordnungserweiterung-der-generalversammlung-spanien-entscheidung-des-vorstandes\/#article","isPartOf":{"@id":"https:\/\/vila.es\/de\/gesellschaftsrecht\/tagesordnungserweiterung-der-generalversammlung-spanien-entscheidung-des-vorstandes\/"},"author":{"name":"Vil\u00e1 Abogados","@id":"https:\/\/vila.es\/en\/#\/schema\/person\/1338568a83d16fbfd6073c8cc4834904"},"headline":"TAGESORDNUNGSERWEITERUNG DER GENERALVERSAMMLUNG IN SPANIEN. ENTSCHEIDUNG DES VORSTANDES","datePublished":"2018-02-23T10:54:18+00:00","dateModified":"2020-11-17T17:54:22+00:00","mainEntityOfPage":{"@id":"https:\/\/vila.es\/de\/gesellschaftsrecht\/tagesordnungserweiterung-der-generalversammlung-spanien-entscheidung-des-vorstandes\/"},"wordCount":404,"commentCount":0,"image":{"@id":"https:\/\/vila.es\/de\/gesellschaftsrecht\/tagesordnungserweiterung-der-generalversammlung-spanien-entscheidung-des-vorstandes\/#primaryimage"},"thumbnailUrl":"https:\/\/vila.es\/wp-content\/uploads\/2020\/07\/societario.jpg","articleSection":["Gesellschaftsrecht"],"inLanguage":"de","potentialAction":[{"@type":"CommentAction","name":"Comment","target":["https:\/\/vila.es\/de\/gesellschaftsrecht\/tagesordnungserweiterung-der-generalversammlung-spanien-entscheidung-des-vorstandes\/#respond"]}]},{"@type":"WebPage","@id":"https:\/\/vila.es\/de\/gesellschaftsrecht\/tagesordnungserweiterung-der-generalversammlung-spanien-entscheidung-des-vorstandes\/","url":"https:\/\/vila.es\/de\/gesellschaftsrecht\/tagesordnungserweiterung-der-generalversammlung-spanien-entscheidung-des-vorstandes\/","name":"TAGESORDNUNGSERWEITERUNG DER GENERALVERSAMMLUNG IN SPANIEN. ENTSCHEIDUNG DES VORSTANDES.","isPartOf":{"@id":"https:\/\/vila.es\/en\/#website"},"primaryImageOfPage":{"@id":"https:\/\/vila.es\/de\/gesellschaftsrecht\/tagesordnungserweiterung-der-generalversammlung-spanien-entscheidung-des-vorstandes\/#primaryimage"},"image":{"@id":"https:\/\/vila.es\/de\/gesellschaftsrecht\/tagesordnungserweiterung-der-generalversammlung-spanien-entscheidung-des-vorstandes\/#primaryimage"},"thumbnailUrl":"https:\/\/vila.es\/wp-content\/uploads\/2020\/07\/societario.jpg","datePublished":"2018-02-23T10:54:18+00:00","dateModified":"2020-11-17T17:54:22+00:00","author":{"@id":"https:\/\/vila.es\/en\/#\/schema\/person\/1338568a83d16fbfd6073c8cc4834904"},"breadcrumb":{"@id":"https:\/\/vila.es\/de\/gesellschaftsrecht\/tagesordnungserweiterung-der-generalversammlung-spanien-entscheidung-des-vorstandes\/#breadcrumb"},"inLanguage":"de","potentialAction":[{"@type":"ReadAction","target":["https:\/\/vila.es\/de\/gesellschaftsrecht\/tagesordnungserweiterung-der-generalversammlung-spanien-entscheidung-des-vorstandes\/"]}]},{"@type":"ImageObject","inLanguage":"de","@id":"https:\/\/vila.es\/de\/gesellschaftsrecht\/tagesordnungserweiterung-der-generalversammlung-spanien-entscheidung-des-vorstandes\/#primaryimage","url":"https:\/\/vila.es\/wp-content\/uploads\/2020\/07\/societario.jpg","contentUrl":"https:\/\/vila.es\/wp-content\/uploads\/2020\/07\/societario.jpg","width":669,"height":272},{"@type":"BreadcrumbList","@id":"https:\/\/vila.es\/de\/gesellschaftsrecht\/tagesordnungserweiterung-der-generalversammlung-spanien-entscheidung-des-vorstandes\/#breadcrumb","itemListElement":[{"@type":"ListItem","position":1,"name":"Portada","item":"https:\/\/vila.es\/de\/"},{"@type":"ListItem","position":2,"name":"TAGESORDNUNGSERWEITERUNG DER GENERALVERSAMMLUNG IN SPANIEN. ENTSCHEIDUNG DES VORSTANDES"}]},{"@type":"WebSite","@id":"https:\/\/vila.es\/en\/#website","url":"https:\/\/vila.es\/en\/","name":"Vil\u00e1 Abogados","description":"Damos soporte jur\u00eddico a proyectos e iniciativas de negocio de empresas y de emprendedores extranjeros y nacionales","potentialAction":[{"@type":"SearchAction","target":{"@type":"EntryPoint","urlTemplate":"https:\/\/vila.es\/en\/?s={search_term_string}"},"query-input":{"@type":"PropertyValueSpecification","valueRequired":true,"valueName":"search_term_string"}}],"inLanguage":"de"},{"@type":"Person","@id":"https:\/\/vila.es\/en\/#\/schema\/person\/1338568a83d16fbfd6073c8cc4834904","name":"Vil\u00e1 Abogados","image":{"@type":"ImageObject","inLanguage":"de","@id":"https:\/\/vila.es\/en\/#\/schema\/person\/image\/","url":"https:\/\/secure.gravatar.com\/avatar\/80372a28ffd84e8b62261dc710c686e32c574bf8a1c71bfd6ebfba0f351a081b?s=96&d=mm&r=g","contentUrl":"https:\/\/secure.gravatar.com\/avatar\/80372a28ffd84e8b62261dc710c686e32c574bf8a1c71bfd6ebfba0f351a081b?s=96&d=mm&r=g","caption":"Vil\u00e1 Abogados"},"url":"https:\/\/vila.es\/de\/author\/vilaes\/"}]}},"_links":{"self":[{"href":"https:\/\/vila.es\/de\/wp-json\/wp\/v2\/posts\/4414","targetHints":{"allow":["GET"]}}],"collection":[{"href":"https:\/\/vila.es\/de\/wp-json\/wp\/v2\/posts"}],"about":[{"href":"https:\/\/vila.es\/de\/wp-json\/wp\/v2\/types\/post"}],"author":[{"embeddable":true,"href":"https:\/\/vila.es\/de\/wp-json\/wp\/v2\/users\/4"}],"replies":[{"embeddable":true,"href":"https:\/\/vila.es\/de\/wp-json\/wp\/v2\/comments?post=4414"}],"version-history":[{"count":1,"href":"https:\/\/vila.es\/de\/wp-json\/wp\/v2\/posts\/4414\/revisions"}],"predecessor-version":[{"id":8674,"href":"https:\/\/vila.es\/de\/wp-json\/wp\/v2\/posts\/4414\/revisions\/8674"}],"wp:featuredmedia":[{"embeddable":true,"href":"https:\/\/vila.es\/de\/wp-json\/wp\/v2\/media\/4735"}],"wp:attachment":[{"href":"https:\/\/vila.es\/de\/wp-json\/wp\/v2\/media?parent=4414"}],"wp:term":[{"taxonomy":"category","embeddable":true,"href":"https:\/\/vila.es\/de\/wp-json\/wp\/v2\/categories?post=4414"},{"taxonomy":"post_tag","embeddable":true,"href":"https:\/\/vila.es\/de\/wp-json\/wp\/v2\/tags?post=4414"}],"curies":[{"name":"wp","href":"https:\/\/api.w.org\/{rel}","templated":true}]}}