{"id":4391,"date":"2016-08-12T08:28:50","date_gmt":"2016-08-12T08:28:50","guid":{"rendered":"https:\/\/vila.es\/de\/?p=2009"},"modified":"2021-01-12T11:36:11","modified_gmt":"2021-01-12T11:36:11","slug":"das-e-commerce-masnahmenpaket-der-europaischen-kommission","status":"publish","type":"post","link":"https:\/\/vila.es\/de\/gemeinschaftsrecht\/das-e-commerce-masnahmenpaket-der-europaischen-kommission\/","title":{"rendered":"DAS E-COMMERCE MA\u00dfNAHMENPAKET DER EUROP\u00c4ISCHEN KOMMISSION"},"content":{"rendered":"<p style=\"text-align: justify;\">Am 25. Mai 2016 ver\u00f6ffentlichte die europ\u00e4ische Kommission ihren <span style=\"color: #3366ff;\"><a style=\"color: #3366ff;\" href=\"http:\/\/europa.eu\/rapid\/press-release_MEMO-16-1896_en.htm\" target=\"_blank\" rel=\"noopener noreferrer\">neuen Vorschlag f\u00fcr Vorschriften bez\u00fcglich des Online-Handels<\/a><\/span>. Der Vorschlag beinhaltet neue Vorschriften, die den EU-weiten Handel mit Waren und Dienstleistungen erleichtern und damit f\u00fcr Unternehmen und Verbraucher zug\u00e4nglicher machen sollen.<\/p>\n<p style=\"text-align: justify;\">Das Ma\u00dfnahmenpaket sieht drei Schwerpunkte vor, die das Projekt des digitalen Binnenmarktes vorantreiben sollen:<\/p>\n<ol style=\"text-align: justify;\">\n<li>Den Online-Handel anzukurbeln, indem gegen das Geoblocking vorgegangen wird.<\/li>\n<li>Die grenz\u00fcberschreitende Paketzustellung erschwinglicher und effizienter zu gestalten.<\/li>\n<li>Durch einen besseren Schutz der Verbraucher und eine bessere Durchsetzung der geltenden Vorschriften f\u00fcr mehr Vertrauen zu sorgen.<\/li>\n<\/ol>\n<p style=\"text-align: justify;\">Die Problematik, die bis jetzt einem offenen und zug\u00e4nglichen digitalen Binnenmarkt im Wege stand, beschreibt Kommissionsvizepr\u00e4sident Andrus Ansip mit folgenden Worten: \u201eAllzu oft sind Menschen von den besten Online-Angeboten abgeschnitten oder entscheiden sich gegen Eink\u00e4ufe im Ausland. Dies hat damit zu tun, dass die Zustellpreise zu hoch sind oder dass sich die Verbraucher Sorgen machen, wie sie ihre Anspr\u00fcche geltend machen k\u00f6nnen, wenn etwas schiefgeht.<\/p>\n<p style=\"text-align: justify;\">Wir streben eine L\u00f6sung f\u00fcr diese Probleme an. K\u00fcnftig sollen Verbraucher und Unternehmen nicht mehr daran gehindert werden, von den M\u00f6glichkeiten de Online-Handels mit Waren und Dienstleistungen in vollem Umfang zu profitieren.\u201c.<\/p>\n<p style=\"text-align: justify;\"><strong>Geoblocking<\/strong><\/p>\n<p style=\"text-align: justify;\">Geoblocking ist eine der Formen von Diskriminierung aufgrund der Staatsangeh\u00f6rigkeit oder des Wohnsitzes, die es zu verhindern gilt.<\/p>\n<p style=\"text-align: justify;\">Die vorgeschlagenen Rechtsvorschriften hierzu sollen daf\u00fcr sorgen, dass Verbraucher, die innerhalb der EU grenz\u00fcberschreitend Dienstleistungen oder Waren erwerben wollen, nicht durch unterschiedliche Preise, Verkaufs- oder Zahlungsbedingungen in den Mitgliedstaaten diskriminiert werden, sofern dies nicht aus objektiven Gr\u00fcnden, wie dem Mehrwertsteuerrecht oder dem Schutz des Allgemeinwohls gerechtfertigt ist.<\/p>\n<p style=\"text-align: justify;\">Die vorgelegte Verordnung beinhaltet keine Verpflichtung zu einer EU-weiten Zustellung, um die Unternehmen nicht \u00fcberm\u00e4\u00dfig zu belasten. Aus demselben Grund werden kleine, unter einem nationalen Umsatzsteuer-Schwellenwert liegende Unternehmen von bestimmten Vorschriften ausgenommen.<\/p>\n<p style=\"text-align: justify;\"><strong>Grenz\u00fcberschreitende Paketzustellung<\/strong><\/p>\n<p style=\"text-align: justify;\">Die Probleme im Bereich der innereurop\u00e4ischen Paketzustellung und insbesondere die hohen Preise, f\u00fchren dazu, dass sowohl Verbraucher als auch Unternehmen nicht mehr in anderen Mitgliedstaaten kaufen bzw. verkaufen.<\/p>\n<p style=\"text-align: justify;\">Die nun vorgelegte Verordnung bringt mehr Preistransparenz und erm\u00f6glicht eine bessere Aufsicht hinsichtlich der Regulierung bei den grenz\u00fcberschreitenden Paketzustelldiensten. Hierdurch k\u00f6nnen Verbraucher und Einzelh\u00e4ndler von g\u00fcnstigeren Tarifen und besseren R\u00fccksendem\u00f6glichkeiten profitieren, unabh\u00e4ngig davon, ob die Lieferungen in Rand- oder Ballungsgebiete gehen, oder aus diesen verschickt werden.<\/p>\n<p style=\"text-align: justify;\">Es wird erwartet, dass durch die Stimulation des Wettbewerbs durch die erh\u00f6hte Preistransparenz eine Selbstregulierung der Preise f\u00fcr Versendungen innerhalb Europas eintritt.<\/p>\n<p style=\"text-align: justify;\">Die Verordnung selbst sieht keine Obergrenze f\u00fcr Zustelltarife vor. Die Kommission wird im Jahr 2019 hinsichtlich der erreichten Fortschritte Bilanz ziehen und beurteilen, ob weitere Ma\u00dfnahmen der Preisregulierung erforderlich sind.<\/p>\n<p style=\"text-align: justify;\"><strong>Vertrauenssteigerung der Verbraucher<\/strong><\/p>\n<p style=\"text-align: justify;\">Die vorgelegte Verordnung sieht vor, die nationalen Beh\u00f6rden im Rahmen der Zusammenarbeit in Sachen Verbraucherschutz mit mehr Befugnissen auszustatten.<\/p>\n<p style=\"text-align: justify;\">Um die Rechte der Verbraucher besser durchsetzen zu k\u00f6nnen, k\u00f6nnen diese in Zukunft \u00fcberpr\u00fcfen, ob Verbraucher durch Geoblocking diskriminiert werden oder die f\u00fcr den Kundendienst geltenden Bedingungen mit EU-Recht unvereinbar sind, anordnen, dass Websites mit betr\u00fcgerischen Angeboten sofort gel\u00f6scht werden und Informationen bei den Registrierstellen f\u00fcr Domainnamen und Banken anfordern, um die Identit\u00e4t des verantwortlichen H\u00e4ndlers zu ermitteln.<\/p>\n<p style=\"text-align: justify;\">Im Falle EU-weiter Verst\u00f6\u00dfe gegen das Verbraucherrecht kann die Kommission nun mit den nationalen Stellen zusammenarbeiten, um durch gemeinsame Ma\u00dfnahmen den unlauteren Praktiken Einhalt zu gebieten.<\/p>\n<p style=\"text-align: justify;\">Hierzu erkl\u00e4rte Vera Jourov\u00e1, Kommissarin f\u00fcr Justiz, Verbraucher und Gleichstellung:<\/p>\n<p style=\"text-align: justify;\">\u201eZu viele Menschen in Europa kaufen nicht gerne online, weil sie ihre Rechte nicht kennen oder f\u00fcr schwer durchsetzbar halten. Ich m\u00f6chte, dass Verbraucher beim Online-Kauf ebenso viel Vertrauen haben k\u00f6nnen, wie beim pers\u00f6nlichen Einkauf im Laden. Wir werden den Verbraucherschutzbeh\u00f6rden sch\u00e4rfere Mittel an die Hand geben, damit sie die Rechte der Verbraucher im Online-Handel besser durchsetzen und betr\u00fcgerische Praktiken abstellen k\u00f6nnen. Das heute vorgelegte Paket leistet einen wichtigen Beitrag dazu, dass der Verbraucherschutz mit dem Internet Schritt h\u00e4lt und Rechtssicherheit f\u00fcr den Handel geschaffen wird.\u201c.<\/p>\n<p style=\"text-align: justify;\">Die vorgestellten Ma\u00dfnahmen stellen einen wichtigen, und lange erwarteten Schritt in die richtige Richtung dar. War man bis jetzt den vielen Neuerungen der heutigen Technologie sowohl auf nationaler, als auch auf europ\u00e4ischer Ebene nicht gewachsen, so \u00f6ffnen sich nun zumindest die T\u00fcren zu einer Regulierung, die zu mehr Rechtssicherheit f\u00fchren wird. Zudem bringen die neuen Regelungen mehr Freiheit mit sich und die Erschaffung eines wirklichen digitalen Binnenmarktes.<\/p>\n<p>&nbsp;<\/p>\n<p>&nbsp;<\/p>\n<p style=\"text-align: justify;\">Pina Pohl<\/p>\n<p>Vil\u00e1 Abogados<\/p>\n<p>&nbsp;<\/p>\n<p>F\u00fcr mehr Information kontaktieren Sie:<\/p>\n<p style=\"text-align: justify;\"><span style=\"color: #3366ff;\"><a style=\"color: #3366ff;\" href=\"mailto:va@vila.es\" target=\"_blank\" rel=\"noopener noreferrer\">va@vila.es<\/a><\/span><\/p>\n<p>&nbsp;<\/p>\n<p style=\"text-align: justify;\">12. August 2016<\/p>\n","protected":false},"excerpt":{"rendered":"<p>Am 25. Mai 2016 ver\u00f6ffentlichte die europ\u00e4ische Kommission ihren neuen Vorschlag f\u00fcr Vorschriften bez\u00fcglich des Online-Handels. Der Vorschlag beinhaltet neue Vorschriften, die den EU-weiten Handel mit Waren und Dienstleistungen erleichtern und damit f\u00fcr Unternehmen und Verbraucher zug\u00e4nglicher machen sollen. Das Ma\u00dfnahmenpaket sieht drei Schwerpunkte vor, die das Projekt des digitalen Binnenmarktes vorantreiben sollen: Den Online-Handel  [&#8230;]<\/p>\n","protected":false},"author":4,"featured_media":4709,"comment_status":"open","ping_status":"closed","sticky":false,"template":"","format":"standard","meta":{"footnotes":""},"categories":[95,98,141],"tags":[],"class_list":["post-4391","post","type-post","status-publish","format-standard","has-post-thumbnail","hentry","category-gemeinschaftsrecht","category-handelsvertrage","category-internet-2"],"yoast_head":"<!-- This site is optimized with the Yoast SEO plugin v27.1.1 - https:\/\/yoast.com\/product\/yoast-seo-wordpress\/ -->\n<title>DAS E-COMMERCE MA\u00dfNAHMENPAKET DER EUROP\u00c4ISCHEN KOMMISSION<\/title>\n<meta name=\"robots\" content=\"index, follow, max-snippet:-1, max-image-preview:large, max-video-preview:-1\" \/>\n<link rel=\"canonical\" href=\"https:\/\/vila.es\/de\/gemeinschaftsrecht\/das-e-commerce-masnahmenpaket-der-europaischen-kommission\/\" \/>\n<meta property=\"og:locale\" content=\"de_DE\" \/>\n<meta property=\"og:type\" content=\"article\" \/>\n<meta property=\"og:title\" content=\"DAS E-COMMERCE MA\u00dfNAHMENPAKET DER EUROP\u00c4ISCHEN KOMMISSION\" \/>\n<meta property=\"og:description\" content=\"Am 25. Mai 2016 ver\u00f6ffentlichte die europ\u00e4ische Kommission ihren neuen Vorschlag f\u00fcr Vorschriften bez\u00fcglich des Online-Handels. Der Vorschlag beinhaltet neue Vorschriften, die den EU-weiten Handel mit Waren und Dienstleistungen erleichtern und damit f\u00fcr Unternehmen und Verbraucher zug\u00e4nglicher machen sollen. Das Ma\u00dfnahmenpaket sieht drei Schwerpunkte vor, die das Projekt des digitalen Binnenmarktes vorantreiben sollen: Den Online-Handel [...]\" \/>\n<meta property=\"og:url\" content=\"https:\/\/vila.es\/de\/gemeinschaftsrecht\/das-e-commerce-masnahmenpaket-der-europaischen-kommission\/\" \/>\n<meta property=\"og:site_name\" content=\"Vil\u00e1 Abogados\" \/>\n<meta property=\"article:published_time\" content=\"2016-08-12T08:28:50+00:00\" \/>\n<meta property=\"article:modified_time\" content=\"2021-01-12T11:36:11+00:00\" \/>\n<meta property=\"og:image\" content=\"https:\/\/vila.es\/wp-content\/uploads\/2020\/07\/internet.jpg\" \/>\n\t<meta property=\"og:image:width\" content=\"669\" \/>\n\t<meta property=\"og:image:height\" content=\"272\" \/>\n\t<meta property=\"og:image:type\" content=\"image\/jpeg\" \/>\n<meta name=\"author\" content=\"Vil\u00e1 Abogados\" \/>\n<meta name=\"twitter:card\" content=\"summary_large_image\" \/>\n<meta name=\"twitter:label1\" content=\"Verfasst von\" \/>\n\t<meta name=\"twitter:data1\" content=\"Vil\u00e1 Abogados\" \/>\n\t<meta name=\"twitter:label2\" content=\"Gesch\u00e4tzte Lesezeit\" \/>\n\t<meta name=\"twitter:data2\" content=\"4\u00a0Minuten\" \/>\n<script type=\"application\/ld+json\" class=\"yoast-schema-graph\">{\"@context\":\"https:\/\/schema.org\",\"@graph\":[{\"@type\":\"Article\",\"@id\":\"https:\/\/vila.es\/de\/gemeinschaftsrecht\/das-e-commerce-masnahmenpaket-der-europaischen-kommission\/#article\",\"isPartOf\":{\"@id\":\"https:\/\/vila.es\/de\/gemeinschaftsrecht\/das-e-commerce-masnahmenpaket-der-europaischen-kommission\/\"},\"author\":{\"name\":\"Vil\u00e1 Abogados\",\"@id\":\"https:\/\/vila.es\/en\/#\/schema\/person\/1338568a83d16fbfd6073c8cc4834904\"},\"headline\":\"DAS E-COMMERCE MA\u00dfNAHMENPAKET DER EUROP\u00c4ISCHEN KOMMISSION\",\"datePublished\":\"2016-08-12T08:28:50+00:00\",\"dateModified\":\"2021-01-12T11:36:11+00:00\",\"mainEntityOfPage\":{\"@id\":\"https:\/\/vila.es\/de\/gemeinschaftsrecht\/das-e-commerce-masnahmenpaket-der-europaischen-kommission\/\"},\"wordCount\":769,\"commentCount\":0,\"image\":{\"@id\":\"https:\/\/vila.es\/de\/gemeinschaftsrecht\/das-e-commerce-masnahmenpaket-der-europaischen-kommission\/#primaryimage\"},\"thumbnailUrl\":\"https:\/\/vila.es\/wp-content\/uploads\/2020\/07\/internet.jpg\",\"articleSection\":[\"Europ\u00e4ische Union\",\"Handelsvertr\u00e4ge\",\"Internet\"],\"inLanguage\":\"de\",\"potentialAction\":[{\"@type\":\"CommentAction\",\"name\":\"Comment\",\"target\":[\"https:\/\/vila.es\/de\/gemeinschaftsrecht\/das-e-commerce-masnahmenpaket-der-europaischen-kommission\/#respond\"]}]},{\"@type\":\"WebPage\",\"@id\":\"https:\/\/vila.es\/de\/gemeinschaftsrecht\/das-e-commerce-masnahmenpaket-der-europaischen-kommission\/\",\"url\":\"https:\/\/vila.es\/de\/gemeinschaftsrecht\/das-e-commerce-masnahmenpaket-der-europaischen-kommission\/\",\"name\":\"DAS E-COMMERCE MA\u00dfNAHMENPAKET DER EUROP\u00c4ISCHEN KOMMISSION\",\"isPartOf\":{\"@id\":\"https:\/\/vila.es\/en\/#website\"},\"primaryImageOfPage\":{\"@id\":\"https:\/\/vila.es\/de\/gemeinschaftsrecht\/das-e-commerce-masnahmenpaket-der-europaischen-kommission\/#primaryimage\"},\"image\":{\"@id\":\"https:\/\/vila.es\/de\/gemeinschaftsrecht\/das-e-commerce-masnahmenpaket-der-europaischen-kommission\/#primaryimage\"},\"thumbnailUrl\":\"https:\/\/vila.es\/wp-content\/uploads\/2020\/07\/internet.jpg\",\"datePublished\":\"2016-08-12T08:28:50+00:00\",\"dateModified\":\"2021-01-12T11:36:11+00:00\",\"author\":{\"@id\":\"https:\/\/vila.es\/en\/#\/schema\/person\/1338568a83d16fbfd6073c8cc4834904\"},\"breadcrumb\":{\"@id\":\"https:\/\/vila.es\/de\/gemeinschaftsrecht\/das-e-commerce-masnahmenpaket-der-europaischen-kommission\/#breadcrumb\"},\"inLanguage\":\"de\",\"potentialAction\":[{\"@type\":\"ReadAction\",\"target\":[\"https:\/\/vila.es\/de\/gemeinschaftsrecht\/das-e-commerce-masnahmenpaket-der-europaischen-kommission\/\"]}]},{\"@type\":\"ImageObject\",\"inLanguage\":\"de\",\"@id\":\"https:\/\/vila.es\/de\/gemeinschaftsrecht\/das-e-commerce-masnahmenpaket-der-europaischen-kommission\/#primaryimage\",\"url\":\"https:\/\/vila.es\/wp-content\/uploads\/2020\/07\/internet.jpg\",\"contentUrl\":\"https:\/\/vila.es\/wp-content\/uploads\/2020\/07\/internet.jpg\",\"width\":669,\"height\":272},{\"@type\":\"BreadcrumbList\",\"@id\":\"https:\/\/vila.es\/de\/gemeinschaftsrecht\/das-e-commerce-masnahmenpaket-der-europaischen-kommission\/#breadcrumb\",\"itemListElement\":[{\"@type\":\"ListItem\",\"position\":1,\"name\":\"Portada\",\"item\":\"https:\/\/vila.es\/de\/\"},{\"@type\":\"ListItem\",\"position\":2,\"name\":\"DAS E-COMMERCE MA\u00dfNAHMENPAKET DER EUROP\u00c4ISCHEN KOMMISSION\"}]},{\"@type\":\"WebSite\",\"@id\":\"https:\/\/vila.es\/en\/#website\",\"url\":\"https:\/\/vila.es\/en\/\",\"name\":\"Vil\u00e1 Abogados\",\"description\":\"Damos soporte jur\u00eddico a proyectos e iniciativas de negocio de empresas y de emprendedores extranjeros y nacionales\",\"potentialAction\":[{\"@type\":\"SearchAction\",\"target\":{\"@type\":\"EntryPoint\",\"urlTemplate\":\"https:\/\/vila.es\/en\/?s={search_term_string}\"},\"query-input\":{\"@type\":\"PropertyValueSpecification\",\"valueRequired\":true,\"valueName\":\"search_term_string\"}}],\"inLanguage\":\"de\"},{\"@type\":\"Person\",\"@id\":\"https:\/\/vila.es\/en\/#\/schema\/person\/1338568a83d16fbfd6073c8cc4834904\",\"name\":\"Vil\u00e1 Abogados\",\"image\":{\"@type\":\"ImageObject\",\"inLanguage\":\"de\",\"@id\":\"https:\/\/vila.es\/en\/#\/schema\/person\/image\/\",\"url\":\"https:\/\/secure.gravatar.com\/avatar\/80372a28ffd84e8b62261dc710c686e32c574bf8a1c71bfd6ebfba0f351a081b?s=96&d=mm&r=g\",\"contentUrl\":\"https:\/\/secure.gravatar.com\/avatar\/80372a28ffd84e8b62261dc710c686e32c574bf8a1c71bfd6ebfba0f351a081b?s=96&d=mm&r=g\",\"caption\":\"Vil\u00e1 Abogados\"},\"url\":\"https:\/\/vila.es\/de\/author\/vilaes\/\"}]}<\/script>\n<!-- \/ Yoast SEO plugin. -->","yoast_head_json":{"title":"DAS E-COMMERCE MA\u00dfNAHMENPAKET DER EUROP\u00c4ISCHEN KOMMISSION","robots":{"index":"index","follow":"follow","max-snippet":"max-snippet:-1","max-image-preview":"max-image-preview:large","max-video-preview":"max-video-preview:-1"},"canonical":"https:\/\/vila.es\/de\/gemeinschaftsrecht\/das-e-commerce-masnahmenpaket-der-europaischen-kommission\/","og_locale":"de_DE","og_type":"article","og_title":"DAS E-COMMERCE MA\u00dfNAHMENPAKET DER EUROP\u00c4ISCHEN KOMMISSION","og_description":"Am 25. Mai 2016 ver\u00f6ffentlichte die europ\u00e4ische Kommission ihren neuen Vorschlag f\u00fcr Vorschriften bez\u00fcglich des Online-Handels. Der Vorschlag beinhaltet neue Vorschriften, die den EU-weiten Handel mit Waren und Dienstleistungen erleichtern und damit f\u00fcr Unternehmen und Verbraucher zug\u00e4nglicher machen sollen. Das Ma\u00dfnahmenpaket sieht drei Schwerpunkte vor, die das Projekt des digitalen Binnenmarktes vorantreiben sollen: Den Online-Handel [...]","og_url":"https:\/\/vila.es\/de\/gemeinschaftsrecht\/das-e-commerce-masnahmenpaket-der-europaischen-kommission\/","og_site_name":"Vil\u00e1 Abogados","article_published_time":"2016-08-12T08:28:50+00:00","article_modified_time":"2021-01-12T11:36:11+00:00","og_image":[{"width":669,"height":272,"url":"https:\/\/vila.es\/wp-content\/uploads\/2020\/07\/internet.jpg","type":"image\/jpeg"}],"author":"Vil\u00e1 Abogados","twitter_card":"summary_large_image","twitter_misc":{"Verfasst von":"Vil\u00e1 Abogados","Gesch\u00e4tzte Lesezeit":"4\u00a0Minuten"},"schema":{"@context":"https:\/\/schema.org","@graph":[{"@type":"Article","@id":"https:\/\/vila.es\/de\/gemeinschaftsrecht\/das-e-commerce-masnahmenpaket-der-europaischen-kommission\/#article","isPartOf":{"@id":"https:\/\/vila.es\/de\/gemeinschaftsrecht\/das-e-commerce-masnahmenpaket-der-europaischen-kommission\/"},"author":{"name":"Vil\u00e1 Abogados","@id":"https:\/\/vila.es\/en\/#\/schema\/person\/1338568a83d16fbfd6073c8cc4834904"},"headline":"DAS E-COMMERCE MA\u00dfNAHMENPAKET DER EUROP\u00c4ISCHEN KOMMISSION","datePublished":"2016-08-12T08:28:50+00:00","dateModified":"2021-01-12T11:36:11+00:00","mainEntityOfPage":{"@id":"https:\/\/vila.es\/de\/gemeinschaftsrecht\/das-e-commerce-masnahmenpaket-der-europaischen-kommission\/"},"wordCount":769,"commentCount":0,"image":{"@id":"https:\/\/vila.es\/de\/gemeinschaftsrecht\/das-e-commerce-masnahmenpaket-der-europaischen-kommission\/#primaryimage"},"thumbnailUrl":"https:\/\/vila.es\/wp-content\/uploads\/2020\/07\/internet.jpg","articleSection":["Europ\u00e4ische Union","Handelsvertr\u00e4ge","Internet"],"inLanguage":"de","potentialAction":[{"@type":"CommentAction","name":"Comment","target":["https:\/\/vila.es\/de\/gemeinschaftsrecht\/das-e-commerce-masnahmenpaket-der-europaischen-kommission\/#respond"]}]},{"@type":"WebPage","@id":"https:\/\/vila.es\/de\/gemeinschaftsrecht\/das-e-commerce-masnahmenpaket-der-europaischen-kommission\/","url":"https:\/\/vila.es\/de\/gemeinschaftsrecht\/das-e-commerce-masnahmenpaket-der-europaischen-kommission\/","name":"DAS E-COMMERCE MA\u00dfNAHMENPAKET DER EUROP\u00c4ISCHEN KOMMISSION","isPartOf":{"@id":"https:\/\/vila.es\/en\/#website"},"primaryImageOfPage":{"@id":"https:\/\/vila.es\/de\/gemeinschaftsrecht\/das-e-commerce-masnahmenpaket-der-europaischen-kommission\/#primaryimage"},"image":{"@id":"https:\/\/vila.es\/de\/gemeinschaftsrecht\/das-e-commerce-masnahmenpaket-der-europaischen-kommission\/#primaryimage"},"thumbnailUrl":"https:\/\/vila.es\/wp-content\/uploads\/2020\/07\/internet.jpg","datePublished":"2016-08-12T08:28:50+00:00","dateModified":"2021-01-12T11:36:11+00:00","author":{"@id":"https:\/\/vila.es\/en\/#\/schema\/person\/1338568a83d16fbfd6073c8cc4834904"},"breadcrumb":{"@id":"https:\/\/vila.es\/de\/gemeinschaftsrecht\/das-e-commerce-masnahmenpaket-der-europaischen-kommission\/#breadcrumb"},"inLanguage":"de","potentialAction":[{"@type":"ReadAction","target":["https:\/\/vila.es\/de\/gemeinschaftsrecht\/das-e-commerce-masnahmenpaket-der-europaischen-kommission\/"]}]},{"@type":"ImageObject","inLanguage":"de","@id":"https:\/\/vila.es\/de\/gemeinschaftsrecht\/das-e-commerce-masnahmenpaket-der-europaischen-kommission\/#primaryimage","url":"https:\/\/vila.es\/wp-content\/uploads\/2020\/07\/internet.jpg","contentUrl":"https:\/\/vila.es\/wp-content\/uploads\/2020\/07\/internet.jpg","width":669,"height":272},{"@type":"BreadcrumbList","@id":"https:\/\/vila.es\/de\/gemeinschaftsrecht\/das-e-commerce-masnahmenpaket-der-europaischen-kommission\/#breadcrumb","itemListElement":[{"@type":"ListItem","position":1,"name":"Portada","item":"https:\/\/vila.es\/de\/"},{"@type":"ListItem","position":2,"name":"DAS E-COMMERCE MA\u00dfNAHMENPAKET DER EUROP\u00c4ISCHEN KOMMISSION"}]},{"@type":"WebSite","@id":"https:\/\/vila.es\/en\/#website","url":"https:\/\/vila.es\/en\/","name":"Vil\u00e1 Abogados","description":"Damos soporte jur\u00eddico a proyectos e iniciativas de negocio de empresas y de emprendedores extranjeros y nacionales","potentialAction":[{"@type":"SearchAction","target":{"@type":"EntryPoint","urlTemplate":"https:\/\/vila.es\/en\/?s={search_term_string}"},"query-input":{"@type":"PropertyValueSpecification","valueRequired":true,"valueName":"search_term_string"}}],"inLanguage":"de"},{"@type":"Person","@id":"https:\/\/vila.es\/en\/#\/schema\/person\/1338568a83d16fbfd6073c8cc4834904","name":"Vil\u00e1 Abogados","image":{"@type":"ImageObject","inLanguage":"de","@id":"https:\/\/vila.es\/en\/#\/schema\/person\/image\/","url":"https:\/\/secure.gravatar.com\/avatar\/80372a28ffd84e8b62261dc710c686e32c574bf8a1c71bfd6ebfba0f351a081b?s=96&d=mm&r=g","contentUrl":"https:\/\/secure.gravatar.com\/avatar\/80372a28ffd84e8b62261dc710c686e32c574bf8a1c71bfd6ebfba0f351a081b?s=96&d=mm&r=g","caption":"Vil\u00e1 Abogados"},"url":"https:\/\/vila.es\/de\/author\/vilaes\/"}]}},"_links":{"self":[{"href":"https:\/\/vila.es\/de\/wp-json\/wp\/v2\/posts\/4391","targetHints":{"allow":["GET"]}}],"collection":[{"href":"https:\/\/vila.es\/de\/wp-json\/wp\/v2\/posts"}],"about":[{"href":"https:\/\/vila.es\/de\/wp-json\/wp\/v2\/types\/post"}],"author":[{"embeddable":true,"href":"https:\/\/vila.es\/de\/wp-json\/wp\/v2\/users\/4"}],"replies":[{"embeddable":true,"href":"https:\/\/vila.es\/de\/wp-json\/wp\/v2\/comments?post=4391"}],"version-history":[{"count":1,"href":"https:\/\/vila.es\/de\/wp-json\/wp\/v2\/posts\/4391\/revisions"}],"predecessor-version":[{"id":9433,"href":"https:\/\/vila.es\/de\/wp-json\/wp\/v2\/posts\/4391\/revisions\/9433"}],"wp:featuredmedia":[{"embeddable":true,"href":"https:\/\/vila.es\/de\/wp-json\/wp\/v2\/media\/4709"}],"wp:attachment":[{"href":"https:\/\/vila.es\/de\/wp-json\/wp\/v2\/media?parent=4391"}],"wp:term":[{"taxonomy":"category","embeddable":true,"href":"https:\/\/vila.es\/de\/wp-json\/wp\/v2\/categories?post=4391"},{"taxonomy":"post_tag","embeddable":true,"href":"https:\/\/vila.es\/de\/wp-json\/wp\/v2\/tags?post=4391"}],"curies":[{"name":"wp","href":"https:\/\/api.w.org\/{rel}","templated":true}]}}