{"id":4373,"date":"2015-05-15T11:54:23","date_gmt":"2015-05-15T11:54:23","guid":{"rendered":"https:\/\/vila.es\/de\/?p=1780"},"modified":"2021-03-09T16:21:14","modified_gmt":"2021-03-09T16:21:14","slug":"das-eu-patent-geht-ohne-spanien-weiter","status":"publish","type":"post","link":"https:\/\/vila.es\/de\/urheberrecht-und-gewerbliches-eigentum\/das-eu-patent-geht-ohne-spanien-weiter\/","title":{"rendered":"DAS EU-PATENT GEHT OHNE SPANIEN WEITER"},"content":{"rendered":"<p style=\"text-align: justify;\">Das System des EU-Patents ist ein neues, vereinfachtes System zum Schutze von Erfindungen in denjenigen L\u00e4ndern, die das Europ\u00e4ische Patent\u00fcbereinkommen unterzeichnet haben. Es handelt sich haupts\u00e4chlich darum, einen einheitlichen Shutz eines einzigen Patents im Gemeinschaftsgebiet zu erm\u00f6glichen, das ebenfalls durch Einf\u00fchrung eines Patentgerichts der Europ\u00e4ischen Union verst\u00e4rkt werden soll.<\/p>\n<p style=\"text-align: justify;\">Das jetzige System des sogenannten Europ\u00e4ischen Patents, was von dem EU-Patent zu differenzieren ist, garantiert einen Schutz im Rahmen des nationalen Rechts von jedem Mitgliedstaat. Daher handelt es sich nicht um einen einheitlichen Schutz sondern lediglich um die M\u00f6glichkeit eines zentralisierten Antrags in dem Europ\u00e4ischen Patentamt, sowie die individuelle Benennung des Staates, in dem ein Schutz beansprucht wird. Unter anderen Problemen ist das sprachiliche Hindernis hervorzuheben, da zum Erhalt eines Schutzrechts in allen L\u00e4ndern der EU, das Patent notwendigerweise in allen offiziellen Sprachen zu \u00fcbersetzen ist (was sehr hohe Kosten beansprucht). Dies wird durch das EU-Patent verhindert, da Deutsch, Englisch oder Franz\u00f6sich als offizielle Sprachen bezeichnet sind, was einen einheitlichen Schutz erm\u00f6glicht, ohne sp\u00e4ter \u00dcbersetzungen erstellen zu m\u00fcssen.<\/p>\n<p style=\"text-align: justify;\">Dies ist aber ausgerechnet der Grund weshalb Spanien (und auch Italien) sich bisher der Anschlie\u00dfung an das EU-Patent geweigert haben, da begr\u00fcndet wird, dass der Auschlu\u00df von deren offiziellen Sprache eine negative Diskriminierung ist. Spanien klagte in dieser Hinsicht vor dem EuGH, zusammenfassend, (i) dass Artikel 118 des Vertrages \u00fcber die Arbeitsweise der Europ\u00e4ischen Union nicht eine rechtliche Grundlage f\u00fcr die Verordnung 1257\/2012 darstellt, und (ii) eine Verletzung des Prinzips der Nichtdiskriminierung wegen der Sprache in Bezug auf die Verordnung 1260\/2012 geltend machte.<\/p>\n<p style=\"text-align: justify;\">Gleichwohl sind beide Klagen am vergangenen 5. Mai 2015 vom EuGH abgewiesen worden. Einerseits wird erkl\u00e4rt, die Verordnung 1257\/2012 sei keinesfalls dazu bestimmt, die Voraussetzung zum Erhalt eines Patents zu regeln und, jedenfalls, der einheitliche Schutz dazu geeignet ist um Divergenzen beim Schutz eines einzigen Patents in verschiedenen Mitgliestaaten zu vermeiden. Andererseits wird erkl\u00e4rt, das sprachliche System sei zul\u00e4ssig, da dadurch die Kosten des EU-Patents erleichtert werden, was einen Ausgleich zwischen den Interessen der Antragsteller und anderer Firmen erlaubt.<\/p>\n<p style=\"text-align: justify;\">Wir stehen daher vor einer erneuten Niederlage der spanischen Absichten bez\u00fcglich des EU-Patents, das, zusammen mit Italien, immer noch das einzige Land ist, das sich dem Projekt nicht angeschlossen hat.<\/p>\n<p style=\"text-align: justify;\">Zurzeit wird darauf gewartet, dass die unterzeichnenden Staaten das Abkommen zur Schaffung eines einheitlichen Patentgerichts zur Inkrafttretung des EU-Patents, was die Unterschrift von 13 Staaten bedarf, konkret unter Ihnen von Deutschland, UK und Frankreich, und was f\u00fcr 2016 oder 2017 zu erwarten ist.<\/p>\n<p>&nbsp;<\/p>\n<p>Vil\u00e1 Abogados<\/p>\n<p>&nbsp;<\/p>\n<p style=\"text-align: justify;\">F\u00fcr weitere Informationen, kontaktieren Sie bitte:<\/p>\n<p style=\"text-align: justify;\"><a href=\"mailto:va@vila.es\"><span style=\"color: #3366ff;\">va@vila.es<\/span><\/a><\/p>\n<p>&nbsp;<\/p>\n<p style=\"text-align: justify;\">\u00a015. Mai 2015<\/p>\n","protected":false},"excerpt":{"rendered":"<p>Das System des EU-Patents ist ein neues, vereinfachtes System zum Schutze von Erfindungen in denjenigen L\u00e4ndern, die das Europ\u00e4ische Patent\u00fcbereinkommen unterzeichnet haben. Es handelt sich haupts\u00e4chlich darum, einen einheitlichen Shutz eines einzigen Patents im Gemeinschaftsgebiet zu erm\u00f6glichen, das ebenfalls durch Einf\u00fchrung eines Patentgerichts der Europ\u00e4ischen Union verst\u00e4rkt werden soll. Das jetzige System des sogenannten Europ\u00e4ischen  [&#8230;]<\/p>\n","protected":false},"author":4,"featured_media":4747,"comment_status":"open","ping_status":"closed","sticky":false,"template":"","format":"standard","meta":{"footnotes":""},"categories":[95,93],"tags":[],"class_list":["post-4373","post","type-post","status-publish","format-standard","has-post-thumbnail","hentry","category-gemeinschaftsrecht","category-urheberrecht-und-gewerbliches-eigentum"],"yoast_head":"<!-- This site is optimized with the Yoast SEO plugin v27.1.1 - https:\/\/yoast.com\/product\/yoast-seo-wordpress\/ -->\n<title>DAS EU-PATENT GEHT OHNE SPANIEN WEITER - Vil\u00e1 Abogados<\/title>\n<meta name=\"robots\" content=\"index, follow, max-snippet:-1, max-image-preview:large, max-video-preview:-1\" \/>\n<link rel=\"canonical\" href=\"https:\/\/vila.es\/de\/urheberrecht-und-gewerbliches-eigentum\/das-eu-patent-geht-ohne-spanien-weiter\/\" \/>\n<meta property=\"og:locale\" content=\"de_DE\" \/>\n<meta property=\"og:type\" content=\"article\" \/>\n<meta property=\"og:title\" content=\"DAS EU-PATENT GEHT OHNE SPANIEN WEITER - Vil\u00e1 Abogados\" \/>\n<meta property=\"og:description\" content=\"Das System des EU-Patents ist ein neues, vereinfachtes System zum Schutze von Erfindungen in denjenigen L\u00e4ndern, die das Europ\u00e4ische Patent\u00fcbereinkommen unterzeichnet haben. Es handelt sich haupts\u00e4chlich darum, einen einheitlichen Shutz eines einzigen Patents im Gemeinschaftsgebiet zu erm\u00f6glichen, das ebenfalls durch Einf\u00fchrung eines Patentgerichts der Europ\u00e4ischen Union verst\u00e4rkt werden soll. Das jetzige System des sogenannten Europ\u00e4ischen [...]\" \/>\n<meta property=\"og:url\" content=\"https:\/\/vila.es\/de\/urheberrecht-und-gewerbliches-eigentum\/das-eu-patent-geht-ohne-spanien-weiter\/\" \/>\n<meta property=\"og:site_name\" content=\"Vil\u00e1 Abogados\" \/>\n<meta property=\"article:published_time\" content=\"2015-05-15T11:54:23+00:00\" \/>\n<meta property=\"article:modified_time\" content=\"2021-03-09T16:21:14+00:00\" \/>\n<meta property=\"og:image\" content=\"https:\/\/vila.es\/wp-content\/uploads\/2020\/07\/ue.jpg\" \/>\n\t<meta property=\"og:image:width\" content=\"669\" \/>\n\t<meta property=\"og:image:height\" content=\"272\" \/>\n\t<meta property=\"og:image:type\" content=\"image\/jpeg\" \/>\n<meta name=\"author\" content=\"Vil\u00e1 Abogados\" \/>\n<meta name=\"twitter:card\" content=\"summary_large_image\" \/>\n<meta name=\"twitter:label1\" content=\"Verfasst von\" \/>\n\t<meta name=\"twitter:data1\" content=\"Vil\u00e1 Abogados\" \/>\n\t<meta name=\"twitter:label2\" content=\"Gesch\u00e4tzte Lesezeit\" \/>\n\t<meta name=\"twitter:data2\" content=\"2\u00a0Minuten\" \/>\n<script type=\"application\/ld+json\" class=\"yoast-schema-graph\">{\"@context\":\"https:\/\/schema.org\",\"@graph\":[{\"@type\":\"Article\",\"@id\":\"https:\/\/vila.es\/de\/urheberrecht-und-gewerbliches-eigentum\/das-eu-patent-geht-ohne-spanien-weiter\/#article\",\"isPartOf\":{\"@id\":\"https:\/\/vila.es\/de\/urheberrecht-und-gewerbliches-eigentum\/das-eu-patent-geht-ohne-spanien-weiter\/\"},\"author\":{\"name\":\"Vil\u00e1 Abogados\",\"@id\":\"https:\/\/vila.es\/en\/#\/schema\/person\/1338568a83d16fbfd6073c8cc4834904\"},\"headline\":\"DAS EU-PATENT GEHT OHNE SPANIEN WEITER\",\"datePublished\":\"2015-05-15T11:54:23+00:00\",\"dateModified\":\"2021-03-09T16:21:14+00:00\",\"mainEntityOfPage\":{\"@id\":\"https:\/\/vila.es\/de\/urheberrecht-und-gewerbliches-eigentum\/das-eu-patent-geht-ohne-spanien-weiter\/\"},\"wordCount\":440,\"commentCount\":0,\"image\":{\"@id\":\"https:\/\/vila.es\/de\/urheberrecht-und-gewerbliches-eigentum\/das-eu-patent-geht-ohne-spanien-weiter\/#primaryimage\"},\"thumbnailUrl\":\"https:\/\/vila.es\/wp-content\/uploads\/2020\/07\/ue.jpg\",\"articleSection\":[\"Europ\u00e4ische Union\",\"Urheberrecht und Gewerbliches Eigentum\"],\"inLanguage\":\"de\",\"potentialAction\":[{\"@type\":\"CommentAction\",\"name\":\"Comment\",\"target\":[\"https:\/\/vila.es\/de\/urheberrecht-und-gewerbliches-eigentum\/das-eu-patent-geht-ohne-spanien-weiter\/#respond\"]}]},{\"@type\":\"WebPage\",\"@id\":\"https:\/\/vila.es\/de\/urheberrecht-und-gewerbliches-eigentum\/das-eu-patent-geht-ohne-spanien-weiter\/\",\"url\":\"https:\/\/vila.es\/de\/urheberrecht-und-gewerbliches-eigentum\/das-eu-patent-geht-ohne-spanien-weiter\/\",\"name\":\"DAS EU-PATENT GEHT OHNE SPANIEN WEITER - Vil\u00e1 Abogados\",\"isPartOf\":{\"@id\":\"https:\/\/vila.es\/en\/#website\"},\"primaryImageOfPage\":{\"@id\":\"https:\/\/vila.es\/de\/urheberrecht-und-gewerbliches-eigentum\/das-eu-patent-geht-ohne-spanien-weiter\/#primaryimage\"},\"image\":{\"@id\":\"https:\/\/vila.es\/de\/urheberrecht-und-gewerbliches-eigentum\/das-eu-patent-geht-ohne-spanien-weiter\/#primaryimage\"},\"thumbnailUrl\":\"https:\/\/vila.es\/wp-content\/uploads\/2020\/07\/ue.jpg\",\"datePublished\":\"2015-05-15T11:54:23+00:00\",\"dateModified\":\"2021-03-09T16:21:14+00:00\",\"author\":{\"@id\":\"https:\/\/vila.es\/en\/#\/schema\/person\/1338568a83d16fbfd6073c8cc4834904\"},\"breadcrumb\":{\"@id\":\"https:\/\/vila.es\/de\/urheberrecht-und-gewerbliches-eigentum\/das-eu-patent-geht-ohne-spanien-weiter\/#breadcrumb\"},\"inLanguage\":\"de\",\"potentialAction\":[{\"@type\":\"ReadAction\",\"target\":[\"https:\/\/vila.es\/de\/urheberrecht-und-gewerbliches-eigentum\/das-eu-patent-geht-ohne-spanien-weiter\/\"]}]},{\"@type\":\"ImageObject\",\"inLanguage\":\"de\",\"@id\":\"https:\/\/vila.es\/de\/urheberrecht-und-gewerbliches-eigentum\/das-eu-patent-geht-ohne-spanien-weiter\/#primaryimage\",\"url\":\"https:\/\/vila.es\/wp-content\/uploads\/2020\/07\/ue.jpg\",\"contentUrl\":\"https:\/\/vila.es\/wp-content\/uploads\/2020\/07\/ue.jpg\",\"width\":669,\"height\":272},{\"@type\":\"BreadcrumbList\",\"@id\":\"https:\/\/vila.es\/de\/urheberrecht-und-gewerbliches-eigentum\/das-eu-patent-geht-ohne-spanien-weiter\/#breadcrumb\",\"itemListElement\":[{\"@type\":\"ListItem\",\"position\":1,\"name\":\"Portada\",\"item\":\"https:\/\/vila.es\/de\/\"},{\"@type\":\"ListItem\",\"position\":2,\"name\":\"DAS EU-PATENT GEHT OHNE SPANIEN WEITER\"}]},{\"@type\":\"WebSite\",\"@id\":\"https:\/\/vila.es\/en\/#website\",\"url\":\"https:\/\/vila.es\/en\/\",\"name\":\"Vil\u00e1 Abogados\",\"description\":\"Damos soporte jur\u00eddico a proyectos e iniciativas de negocio de empresas y de emprendedores extranjeros y nacionales\",\"potentialAction\":[{\"@type\":\"SearchAction\",\"target\":{\"@type\":\"EntryPoint\",\"urlTemplate\":\"https:\/\/vila.es\/en\/?s={search_term_string}\"},\"query-input\":{\"@type\":\"PropertyValueSpecification\",\"valueRequired\":true,\"valueName\":\"search_term_string\"}}],\"inLanguage\":\"de\"},{\"@type\":\"Person\",\"@id\":\"https:\/\/vila.es\/en\/#\/schema\/person\/1338568a83d16fbfd6073c8cc4834904\",\"name\":\"Vil\u00e1 Abogados\",\"image\":{\"@type\":\"ImageObject\",\"inLanguage\":\"de\",\"@id\":\"https:\/\/vila.es\/en\/#\/schema\/person\/image\/\",\"url\":\"https:\/\/secure.gravatar.com\/avatar\/80372a28ffd84e8b62261dc710c686e32c574bf8a1c71bfd6ebfba0f351a081b?s=96&d=mm&r=g\",\"contentUrl\":\"https:\/\/secure.gravatar.com\/avatar\/80372a28ffd84e8b62261dc710c686e32c574bf8a1c71bfd6ebfba0f351a081b?s=96&d=mm&r=g\",\"caption\":\"Vil\u00e1 Abogados\"},\"url\":\"https:\/\/vila.es\/de\/author\/vilaes\/\"}]}<\/script>\n<!-- \/ Yoast SEO plugin. -->","yoast_head_json":{"title":"DAS EU-PATENT GEHT OHNE SPANIEN WEITER - Vil\u00e1 Abogados","robots":{"index":"index","follow":"follow","max-snippet":"max-snippet:-1","max-image-preview":"max-image-preview:large","max-video-preview":"max-video-preview:-1"},"canonical":"https:\/\/vila.es\/de\/urheberrecht-und-gewerbliches-eigentum\/das-eu-patent-geht-ohne-spanien-weiter\/","og_locale":"de_DE","og_type":"article","og_title":"DAS EU-PATENT GEHT OHNE SPANIEN WEITER - Vil\u00e1 Abogados","og_description":"Das System des EU-Patents ist ein neues, vereinfachtes System zum Schutze von Erfindungen in denjenigen L\u00e4ndern, die das Europ\u00e4ische Patent\u00fcbereinkommen unterzeichnet haben. Es handelt sich haupts\u00e4chlich darum, einen einheitlichen Shutz eines einzigen Patents im Gemeinschaftsgebiet zu erm\u00f6glichen, das ebenfalls durch Einf\u00fchrung eines Patentgerichts der Europ\u00e4ischen Union verst\u00e4rkt werden soll. Das jetzige System des sogenannten Europ\u00e4ischen [...]","og_url":"https:\/\/vila.es\/de\/urheberrecht-und-gewerbliches-eigentum\/das-eu-patent-geht-ohne-spanien-weiter\/","og_site_name":"Vil\u00e1 Abogados","article_published_time":"2015-05-15T11:54:23+00:00","article_modified_time":"2021-03-09T16:21:14+00:00","og_image":[{"width":669,"height":272,"url":"https:\/\/vila.es\/wp-content\/uploads\/2020\/07\/ue.jpg","type":"image\/jpeg"}],"author":"Vil\u00e1 Abogados","twitter_card":"summary_large_image","twitter_misc":{"Verfasst von":"Vil\u00e1 Abogados","Gesch\u00e4tzte Lesezeit":"2\u00a0Minuten"},"schema":{"@context":"https:\/\/schema.org","@graph":[{"@type":"Article","@id":"https:\/\/vila.es\/de\/urheberrecht-und-gewerbliches-eigentum\/das-eu-patent-geht-ohne-spanien-weiter\/#article","isPartOf":{"@id":"https:\/\/vila.es\/de\/urheberrecht-und-gewerbliches-eigentum\/das-eu-patent-geht-ohne-spanien-weiter\/"},"author":{"name":"Vil\u00e1 Abogados","@id":"https:\/\/vila.es\/en\/#\/schema\/person\/1338568a83d16fbfd6073c8cc4834904"},"headline":"DAS EU-PATENT GEHT OHNE SPANIEN WEITER","datePublished":"2015-05-15T11:54:23+00:00","dateModified":"2021-03-09T16:21:14+00:00","mainEntityOfPage":{"@id":"https:\/\/vila.es\/de\/urheberrecht-und-gewerbliches-eigentum\/das-eu-patent-geht-ohne-spanien-weiter\/"},"wordCount":440,"commentCount":0,"image":{"@id":"https:\/\/vila.es\/de\/urheberrecht-und-gewerbliches-eigentum\/das-eu-patent-geht-ohne-spanien-weiter\/#primaryimage"},"thumbnailUrl":"https:\/\/vila.es\/wp-content\/uploads\/2020\/07\/ue.jpg","articleSection":["Europ\u00e4ische Union","Urheberrecht und Gewerbliches Eigentum"],"inLanguage":"de","potentialAction":[{"@type":"CommentAction","name":"Comment","target":["https:\/\/vila.es\/de\/urheberrecht-und-gewerbliches-eigentum\/das-eu-patent-geht-ohne-spanien-weiter\/#respond"]}]},{"@type":"WebPage","@id":"https:\/\/vila.es\/de\/urheberrecht-und-gewerbliches-eigentum\/das-eu-patent-geht-ohne-spanien-weiter\/","url":"https:\/\/vila.es\/de\/urheberrecht-und-gewerbliches-eigentum\/das-eu-patent-geht-ohne-spanien-weiter\/","name":"DAS EU-PATENT GEHT OHNE SPANIEN WEITER - Vil\u00e1 Abogados","isPartOf":{"@id":"https:\/\/vila.es\/en\/#website"},"primaryImageOfPage":{"@id":"https:\/\/vila.es\/de\/urheberrecht-und-gewerbliches-eigentum\/das-eu-patent-geht-ohne-spanien-weiter\/#primaryimage"},"image":{"@id":"https:\/\/vila.es\/de\/urheberrecht-und-gewerbliches-eigentum\/das-eu-patent-geht-ohne-spanien-weiter\/#primaryimage"},"thumbnailUrl":"https:\/\/vila.es\/wp-content\/uploads\/2020\/07\/ue.jpg","datePublished":"2015-05-15T11:54:23+00:00","dateModified":"2021-03-09T16:21:14+00:00","author":{"@id":"https:\/\/vila.es\/en\/#\/schema\/person\/1338568a83d16fbfd6073c8cc4834904"},"breadcrumb":{"@id":"https:\/\/vila.es\/de\/urheberrecht-und-gewerbliches-eigentum\/das-eu-patent-geht-ohne-spanien-weiter\/#breadcrumb"},"inLanguage":"de","potentialAction":[{"@type":"ReadAction","target":["https:\/\/vila.es\/de\/urheberrecht-und-gewerbliches-eigentum\/das-eu-patent-geht-ohne-spanien-weiter\/"]}]},{"@type":"ImageObject","inLanguage":"de","@id":"https:\/\/vila.es\/de\/urheberrecht-und-gewerbliches-eigentum\/das-eu-patent-geht-ohne-spanien-weiter\/#primaryimage","url":"https:\/\/vila.es\/wp-content\/uploads\/2020\/07\/ue.jpg","contentUrl":"https:\/\/vila.es\/wp-content\/uploads\/2020\/07\/ue.jpg","width":669,"height":272},{"@type":"BreadcrumbList","@id":"https:\/\/vila.es\/de\/urheberrecht-und-gewerbliches-eigentum\/das-eu-patent-geht-ohne-spanien-weiter\/#breadcrumb","itemListElement":[{"@type":"ListItem","position":1,"name":"Portada","item":"https:\/\/vila.es\/de\/"},{"@type":"ListItem","position":2,"name":"DAS EU-PATENT GEHT OHNE SPANIEN WEITER"}]},{"@type":"WebSite","@id":"https:\/\/vila.es\/en\/#website","url":"https:\/\/vila.es\/en\/","name":"Vil\u00e1 Abogados","description":"Damos soporte jur\u00eddico a proyectos e iniciativas de negocio de empresas y de emprendedores extranjeros y nacionales","potentialAction":[{"@type":"SearchAction","target":{"@type":"EntryPoint","urlTemplate":"https:\/\/vila.es\/en\/?s={search_term_string}"},"query-input":{"@type":"PropertyValueSpecification","valueRequired":true,"valueName":"search_term_string"}}],"inLanguage":"de"},{"@type":"Person","@id":"https:\/\/vila.es\/en\/#\/schema\/person\/1338568a83d16fbfd6073c8cc4834904","name":"Vil\u00e1 Abogados","image":{"@type":"ImageObject","inLanguage":"de","@id":"https:\/\/vila.es\/en\/#\/schema\/person\/image\/","url":"https:\/\/secure.gravatar.com\/avatar\/80372a28ffd84e8b62261dc710c686e32c574bf8a1c71bfd6ebfba0f351a081b?s=96&d=mm&r=g","contentUrl":"https:\/\/secure.gravatar.com\/avatar\/80372a28ffd84e8b62261dc710c686e32c574bf8a1c71bfd6ebfba0f351a081b?s=96&d=mm&r=g","caption":"Vil\u00e1 Abogados"},"url":"https:\/\/vila.es\/de\/author\/vilaes\/"}]}},"_links":{"self":[{"href":"https:\/\/vila.es\/de\/wp-json\/wp\/v2\/posts\/4373","targetHints":{"allow":["GET"]}}],"collection":[{"href":"https:\/\/vila.es\/de\/wp-json\/wp\/v2\/posts"}],"about":[{"href":"https:\/\/vila.es\/de\/wp-json\/wp\/v2\/types\/post"}],"author":[{"embeddable":true,"href":"https:\/\/vila.es\/de\/wp-json\/wp\/v2\/users\/4"}],"replies":[{"embeddable":true,"href":"https:\/\/vila.es\/de\/wp-json\/wp\/v2\/comments?post=4373"}],"version-history":[{"count":1,"href":"https:\/\/vila.es\/de\/wp-json\/wp\/v2\/posts\/4373\/revisions"}],"predecessor-version":[{"id":10313,"href":"https:\/\/vila.es\/de\/wp-json\/wp\/v2\/posts\/4373\/revisions\/10313"}],"wp:featuredmedia":[{"embeddable":true,"href":"https:\/\/vila.es\/de\/wp-json\/wp\/v2\/media\/4747"}],"wp:attachment":[{"href":"https:\/\/vila.es\/de\/wp-json\/wp\/v2\/media?parent=4373"}],"wp:term":[{"taxonomy":"category","embeddable":true,"href":"https:\/\/vila.es\/de\/wp-json\/wp\/v2\/categories?post=4373"},{"taxonomy":"post_tag","embeddable":true,"href":"https:\/\/vila.es\/de\/wp-json\/wp\/v2\/tags?post=4373"}],"curies":[{"name":"wp","href":"https:\/\/api.w.org\/{rel}","templated":true}]}}