{"id":4335,"date":"2012-10-08T02:41:05","date_gmt":"2012-10-08T02:41:05","guid":{"rendered":"https:\/\/vila.es\/de\/?p=1464"},"modified":"2012-10-08T02:41:05","modified_gmt":"2012-10-08T02:41:05","slug":"arbeitslosenunterstutzung-nach-dem-neuen-staatshaushalt-fur-2013","status":"publish","type":"post","link":"https:\/\/vila.es\/de\/uncategorized\/arbeitslosenunterstutzung-nach-dem-neuen-staatshaushalt-fur-2013\/","title":{"rendered":"ARBEITSLOSENUNTERST\u00dcTZUNG NACH DEM NEUEN STAATSHAUSHALT F\u00dcR 2013"},"content":{"rendered":"<p>Gem\u00e4\u00df dem neuen Staatshaushalt (\u201cPresupuestos Generales del Estado\u201d, kurz PGE) f\u00fcr das Jahr 2013 stellt die spanische Regierung im kommenden Jahr 6,3% weniger Mittel im Vergleich zum Vorjahr f\u00fcr die finanzielle Unterst\u00fctzung von Arbeitslosen zur Verf\u00fcgung.<br \/>\nEine Folge dieser K\u00fcrzung wird sein, dass die Arbeitslosenbeihilfe neuer Arbeitsloser nach sechs Monaten von 60 % auf 50 % der Bemessungsgrundlage reduziert wird.<\/p>\n<p>Dar\u00fcber hinaus hat die spanische Regierung beschlossen, dass im Dezember diesen Jahres die Wiederaufstockung der Arbeitslosenunterst\u00fctzung von Betroffenen von Kurzarbeit und vor\u00fcbergehender Dienstfreistellung aus wirtschaftlichen, technischen, organisativen Gr\u00fcnden oder Gr\u00fcnden im Zusammenhang mit der Produktion ausl\u00e4uft.<\/p>\n<p>Daher k\u00f6nnen diejenigen Arbeitnehmer, die von vor\u00fcbergehender Dienstfreistellung bzw. Kurzarbeit betroffen sind, den Anteil an Beihilfe der ihnen w\u00e4hrend dieser Zeit ausgezahlt wurde nicht wieder aufstocken und sehen somit bei nachtr\u00e4glicher Arbeitslosigkeit ihre Anspr\u00fcche auf finanzielle Beihilfe reduziert.<br \/>\nF\u00fcr weitere Informationen kontaktieren Sie:<\/p>\n<p>info@vila.es<\/p>\n<p>2012\/10\/08<\/p>\n","protected":false},"excerpt":{"rendered":"<p>Gem\u00e4\u00df dem neuen Staatshaushalt (\u201cPresupuestos Generales del Estado\u201d, kurz PGE) f\u00fcr das Jahr 2013 stellt die spanische Regierung im kommenden Jahr 6,3% weniger Mittel im Vergleich zum Vorjahr f\u00fcr die finanzielle Unterst\u00fctzung von Arbeitslosen zur Verf\u00fcgung. Eine Folge dieser K\u00fcrzung wird sein, dass die Arbeitslosenbeihilfe neuer Arbeitsloser nach sechs Monaten von 60 % auf 50  [&#8230;]<\/p>\n","protected":false},"author":4,"featured_media":0,"comment_status":"open","ping_status":"closed","sticky":false,"template":"","format":"standard","meta":{"footnotes":""},"categories":[46],"tags":[],"class_list":["post-4335","post","type-post","status-publish","format-standard","hentry","category-uncategorized"],"yoast_head":"<!-- This site is optimized with the Yoast SEO plugin v27.1.1 - https:\/\/yoast.com\/product\/yoast-seo-wordpress\/ -->\n<title>ARBEITSLOSENUNTERST\u00dcTZUNG NACH DEM NEUEN STAATSHAUSHALT F\u00dcR 2013 - Vil\u00e1 Abogados<\/title>\n<meta name=\"robots\" content=\"index, follow, max-snippet:-1, max-image-preview:large, max-video-preview:-1\" \/>\n<link rel=\"canonical\" href=\"https:\/\/vila.es\/de\/unkategorisiert\/arbeitslosenunterstutzung-nach-dem-neuen-staatshaushalt-fur-2013\/\" \/>\n<meta property=\"og:locale\" content=\"de_DE\" \/>\n<meta property=\"og:type\" content=\"article\" \/>\n<meta property=\"og:title\" content=\"ARBEITSLOSENUNTERST\u00dcTZUNG NACH DEM NEUEN STAATSHAUSHALT F\u00dcR 2013 - Vil\u00e1 Abogados\" \/>\n<meta property=\"og:description\" content=\"Gem\u00e4\u00df dem neuen Staatshaushalt (\u201cPresupuestos Generales del Estado\u201d, kurz PGE) f\u00fcr das Jahr 2013 stellt die spanische Regierung im kommenden Jahr 6,3% weniger Mittel im Vergleich zum Vorjahr f\u00fcr die finanzielle Unterst\u00fctzung von Arbeitslosen zur Verf\u00fcgung. Eine Folge dieser K\u00fcrzung wird sein, dass die Arbeitslosenbeihilfe neuer Arbeitsloser nach sechs Monaten von 60 % auf 50 [...]\" \/>\n<meta property=\"og:url\" content=\"https:\/\/vila.es\/de\/unkategorisiert\/arbeitslosenunterstutzung-nach-dem-neuen-staatshaushalt-fur-2013\/\" \/>\n<meta property=\"og:site_name\" content=\"Vil\u00e1 Abogados\" \/>\n<meta property=\"article:published_time\" content=\"2012-10-08T02:41:05+00:00\" \/>\n<meta name=\"author\" content=\"Vil\u00e1 Abogados\" \/>\n<meta name=\"twitter:card\" content=\"summary_large_image\" \/>\n<meta name=\"twitter:label1\" content=\"Verfasst von\" \/>\n\t<meta name=\"twitter:data1\" content=\"Vil\u00e1 Abogados\" \/>\n\t<meta name=\"twitter:label2\" content=\"Gesch\u00e4tzte Lesezeit\" \/>\n\t<meta name=\"twitter:data2\" content=\"1\u00a0Minute\" \/>\n<script type=\"application\/ld+json\" class=\"yoast-schema-graph\">{\"@context\":\"https:\/\/schema.org\",\"@graph\":[{\"@type\":\"Article\",\"@id\":\"https:\/\/vila.es\/de\/unkategorisiert\/arbeitslosenunterstutzung-nach-dem-neuen-staatshaushalt-fur-2013\/#article\",\"isPartOf\":{\"@id\":\"https:\/\/vila.es\/de\/unkategorisiert\/arbeitslosenunterstutzung-nach-dem-neuen-staatshaushalt-fur-2013\/\"},\"author\":{\"name\":\"Vil\u00e1 Abogados\",\"@id\":\"https:\/\/vila.es\/en\/#\/schema\/person\/1338568a83d16fbfd6073c8cc4834904\"},\"headline\":\"ARBEITSLOSENUNTERST\u00dcTZUNG NACH DEM NEUEN STAATSHAUSHALT F\u00dcR 2013\",\"datePublished\":\"2012-10-08T02:41:05+00:00\",\"mainEntityOfPage\":{\"@id\":\"https:\/\/vila.es\/de\/unkategorisiert\/arbeitslosenunterstutzung-nach-dem-neuen-staatshaushalt-fur-2013\/\"},\"wordCount\":161,\"commentCount\":0,\"articleSection\":[\"Uncategorised\"],\"inLanguage\":\"de\",\"potentialAction\":[{\"@type\":\"CommentAction\",\"name\":\"Comment\",\"target\":[\"https:\/\/vila.es\/de\/unkategorisiert\/arbeitslosenunterstutzung-nach-dem-neuen-staatshaushalt-fur-2013\/#respond\"]}]},{\"@type\":\"WebPage\",\"@id\":\"https:\/\/vila.es\/de\/unkategorisiert\/arbeitslosenunterstutzung-nach-dem-neuen-staatshaushalt-fur-2013\/\",\"url\":\"https:\/\/vila.es\/de\/unkategorisiert\/arbeitslosenunterstutzung-nach-dem-neuen-staatshaushalt-fur-2013\/\",\"name\":\"ARBEITSLOSENUNTERST\u00dcTZUNG NACH DEM NEUEN STAATSHAUSHALT F\u00dcR 2013 - Vil\u00e1 Abogados\",\"isPartOf\":{\"@id\":\"https:\/\/vila.es\/en\/#website\"},\"datePublished\":\"2012-10-08T02:41:05+00:00\",\"author\":{\"@id\":\"https:\/\/vila.es\/en\/#\/schema\/person\/1338568a83d16fbfd6073c8cc4834904\"},\"breadcrumb\":{\"@id\":\"https:\/\/vila.es\/de\/unkategorisiert\/arbeitslosenunterstutzung-nach-dem-neuen-staatshaushalt-fur-2013\/#breadcrumb\"},\"inLanguage\":\"de\",\"potentialAction\":[{\"@type\":\"ReadAction\",\"target\":[\"https:\/\/vila.es\/de\/unkategorisiert\/arbeitslosenunterstutzung-nach-dem-neuen-staatshaushalt-fur-2013\/\"]}]},{\"@type\":\"BreadcrumbList\",\"@id\":\"https:\/\/vila.es\/de\/unkategorisiert\/arbeitslosenunterstutzung-nach-dem-neuen-staatshaushalt-fur-2013\/#breadcrumb\",\"itemListElement\":[{\"@type\":\"ListItem\",\"position\":1,\"name\":\"Portada\",\"item\":\"https:\/\/vila.es\/de\/\"},{\"@type\":\"ListItem\",\"position\":2,\"name\":\"ARBEITSLOSENUNTERST\u00dcTZUNG NACH DEM NEUEN STAATSHAUSHALT F\u00dcR 2013\"}]},{\"@type\":\"WebSite\",\"@id\":\"https:\/\/vila.es\/en\/#website\",\"url\":\"https:\/\/vila.es\/en\/\",\"name\":\"Vil\u00e1 Abogados\",\"description\":\"Damos soporte jur\u00eddico a proyectos e iniciativas de negocio de empresas y de emprendedores extranjeros y nacionales\",\"potentialAction\":[{\"@type\":\"SearchAction\",\"target\":{\"@type\":\"EntryPoint\",\"urlTemplate\":\"https:\/\/vila.es\/en\/?s={search_term_string}\"},\"query-input\":{\"@type\":\"PropertyValueSpecification\",\"valueRequired\":true,\"valueName\":\"search_term_string\"}}],\"inLanguage\":\"de\"},{\"@type\":\"Person\",\"@id\":\"https:\/\/vila.es\/en\/#\/schema\/person\/1338568a83d16fbfd6073c8cc4834904\",\"name\":\"Vil\u00e1 Abogados\",\"image\":{\"@type\":\"ImageObject\",\"inLanguage\":\"de\",\"@id\":\"https:\/\/vila.es\/en\/#\/schema\/person\/image\/\",\"url\":\"https:\/\/secure.gravatar.com\/avatar\/80372a28ffd84e8b62261dc710c686e32c574bf8a1c71bfd6ebfba0f351a081b?s=96&d=mm&r=g\",\"contentUrl\":\"https:\/\/secure.gravatar.com\/avatar\/80372a28ffd84e8b62261dc710c686e32c574bf8a1c71bfd6ebfba0f351a081b?s=96&d=mm&r=g\",\"caption\":\"Vil\u00e1 Abogados\"},\"url\":\"https:\/\/vila.es\/de\/author\/vilaes\/\"}]}<\/script>\n<!-- \/ Yoast SEO plugin. -->","yoast_head_json":{"title":"ARBEITSLOSENUNTERST\u00dcTZUNG NACH DEM NEUEN STAATSHAUSHALT F\u00dcR 2013 - Vil\u00e1 Abogados","robots":{"index":"index","follow":"follow","max-snippet":"max-snippet:-1","max-image-preview":"max-image-preview:large","max-video-preview":"max-video-preview:-1"},"canonical":"https:\/\/vila.es\/de\/unkategorisiert\/arbeitslosenunterstutzung-nach-dem-neuen-staatshaushalt-fur-2013\/","og_locale":"de_DE","og_type":"article","og_title":"ARBEITSLOSENUNTERST\u00dcTZUNG NACH DEM NEUEN STAATSHAUSHALT F\u00dcR 2013 - Vil\u00e1 Abogados","og_description":"Gem\u00e4\u00df dem neuen Staatshaushalt (\u201cPresupuestos Generales del Estado\u201d, kurz PGE) f\u00fcr das Jahr 2013 stellt die spanische Regierung im kommenden Jahr 6,3% weniger Mittel im Vergleich zum Vorjahr f\u00fcr die finanzielle Unterst\u00fctzung von Arbeitslosen zur Verf\u00fcgung. Eine Folge dieser K\u00fcrzung wird sein, dass die Arbeitslosenbeihilfe neuer Arbeitsloser nach sechs Monaten von 60 % auf 50 [...]","og_url":"https:\/\/vila.es\/de\/unkategorisiert\/arbeitslosenunterstutzung-nach-dem-neuen-staatshaushalt-fur-2013\/","og_site_name":"Vil\u00e1 Abogados","article_published_time":"2012-10-08T02:41:05+00:00","author":"Vil\u00e1 Abogados","twitter_card":"summary_large_image","twitter_misc":{"Verfasst von":"Vil\u00e1 Abogados","Gesch\u00e4tzte Lesezeit":"1\u00a0Minute"},"schema":{"@context":"https:\/\/schema.org","@graph":[{"@type":"Article","@id":"https:\/\/vila.es\/de\/unkategorisiert\/arbeitslosenunterstutzung-nach-dem-neuen-staatshaushalt-fur-2013\/#article","isPartOf":{"@id":"https:\/\/vila.es\/de\/unkategorisiert\/arbeitslosenunterstutzung-nach-dem-neuen-staatshaushalt-fur-2013\/"},"author":{"name":"Vil\u00e1 Abogados","@id":"https:\/\/vila.es\/en\/#\/schema\/person\/1338568a83d16fbfd6073c8cc4834904"},"headline":"ARBEITSLOSENUNTERST\u00dcTZUNG NACH DEM NEUEN STAATSHAUSHALT F\u00dcR 2013","datePublished":"2012-10-08T02:41:05+00:00","mainEntityOfPage":{"@id":"https:\/\/vila.es\/de\/unkategorisiert\/arbeitslosenunterstutzung-nach-dem-neuen-staatshaushalt-fur-2013\/"},"wordCount":161,"commentCount":0,"articleSection":["Uncategorised"],"inLanguage":"de","potentialAction":[{"@type":"CommentAction","name":"Comment","target":["https:\/\/vila.es\/de\/unkategorisiert\/arbeitslosenunterstutzung-nach-dem-neuen-staatshaushalt-fur-2013\/#respond"]}]},{"@type":"WebPage","@id":"https:\/\/vila.es\/de\/unkategorisiert\/arbeitslosenunterstutzung-nach-dem-neuen-staatshaushalt-fur-2013\/","url":"https:\/\/vila.es\/de\/unkategorisiert\/arbeitslosenunterstutzung-nach-dem-neuen-staatshaushalt-fur-2013\/","name":"ARBEITSLOSENUNTERST\u00dcTZUNG NACH DEM NEUEN STAATSHAUSHALT F\u00dcR 2013 - Vil\u00e1 Abogados","isPartOf":{"@id":"https:\/\/vila.es\/en\/#website"},"datePublished":"2012-10-08T02:41:05+00:00","author":{"@id":"https:\/\/vila.es\/en\/#\/schema\/person\/1338568a83d16fbfd6073c8cc4834904"},"breadcrumb":{"@id":"https:\/\/vila.es\/de\/unkategorisiert\/arbeitslosenunterstutzung-nach-dem-neuen-staatshaushalt-fur-2013\/#breadcrumb"},"inLanguage":"de","potentialAction":[{"@type":"ReadAction","target":["https:\/\/vila.es\/de\/unkategorisiert\/arbeitslosenunterstutzung-nach-dem-neuen-staatshaushalt-fur-2013\/"]}]},{"@type":"BreadcrumbList","@id":"https:\/\/vila.es\/de\/unkategorisiert\/arbeitslosenunterstutzung-nach-dem-neuen-staatshaushalt-fur-2013\/#breadcrumb","itemListElement":[{"@type":"ListItem","position":1,"name":"Portada","item":"https:\/\/vila.es\/de\/"},{"@type":"ListItem","position":2,"name":"ARBEITSLOSENUNTERST\u00dcTZUNG NACH DEM NEUEN STAATSHAUSHALT F\u00dcR 2013"}]},{"@type":"WebSite","@id":"https:\/\/vila.es\/en\/#website","url":"https:\/\/vila.es\/en\/","name":"Vil\u00e1 Abogados","description":"Damos soporte jur\u00eddico a proyectos e iniciativas de negocio de empresas y de emprendedores extranjeros y nacionales","potentialAction":[{"@type":"SearchAction","target":{"@type":"EntryPoint","urlTemplate":"https:\/\/vila.es\/en\/?s={search_term_string}"},"query-input":{"@type":"PropertyValueSpecification","valueRequired":true,"valueName":"search_term_string"}}],"inLanguage":"de"},{"@type":"Person","@id":"https:\/\/vila.es\/en\/#\/schema\/person\/1338568a83d16fbfd6073c8cc4834904","name":"Vil\u00e1 Abogados","image":{"@type":"ImageObject","inLanguage":"de","@id":"https:\/\/vila.es\/en\/#\/schema\/person\/image\/","url":"https:\/\/secure.gravatar.com\/avatar\/80372a28ffd84e8b62261dc710c686e32c574bf8a1c71bfd6ebfba0f351a081b?s=96&d=mm&r=g","contentUrl":"https:\/\/secure.gravatar.com\/avatar\/80372a28ffd84e8b62261dc710c686e32c574bf8a1c71bfd6ebfba0f351a081b?s=96&d=mm&r=g","caption":"Vil\u00e1 Abogados"},"url":"https:\/\/vila.es\/de\/author\/vilaes\/"}]}},"_links":{"self":[{"href":"https:\/\/vila.es\/de\/wp-json\/wp\/v2\/posts\/4335","targetHints":{"allow":["GET"]}}],"collection":[{"href":"https:\/\/vila.es\/de\/wp-json\/wp\/v2\/posts"}],"about":[{"href":"https:\/\/vila.es\/de\/wp-json\/wp\/v2\/types\/post"}],"author":[{"embeddable":true,"href":"https:\/\/vila.es\/de\/wp-json\/wp\/v2\/users\/4"}],"replies":[{"embeddable":true,"href":"https:\/\/vila.es\/de\/wp-json\/wp\/v2\/comments?post=4335"}],"version-history":[{"count":0,"href":"https:\/\/vila.es\/de\/wp-json\/wp\/v2\/posts\/4335\/revisions"}],"wp:attachment":[{"href":"https:\/\/vila.es\/de\/wp-json\/wp\/v2\/media?parent=4335"}],"wp:term":[{"taxonomy":"category","embeddable":true,"href":"https:\/\/vila.es\/de\/wp-json\/wp\/v2\/categories?post=4335"},{"taxonomy":"post_tag","embeddable":true,"href":"https:\/\/vila.es\/de\/wp-json\/wp\/v2\/tags?post=4335"}],"curies":[{"name":"wp","href":"https:\/\/api.w.org\/{rel}","templated":true}]}}