{"id":2768,"date":"2019-08-30T11:33:55","date_gmt":"2019-08-30T11:33:55","guid":{"rendered":"https:\/\/vila.es\/de\/?p=2768"},"modified":"2020-11-05T08:24:46","modified_gmt":"2020-11-05T08:24:46","slug":"einberufung-der-hauptversammlung-per-e-mail","status":"publish","type":"post","link":"https:\/\/vila.es\/de\/gesellschaftsrecht\/einberufung-der-hauptversammlung-per-e-mail\/","title":{"rendered":"EINBERUFUNG DER HAUPTVERSAMMLUNG PER E-MAIL"},"content":{"rendered":"<p style=\"text-align: justify;\">Am 19. Juli 2019 ver\u00f6ffentlichte die Generaldirektion der Register und Notare (DGRN) einen Beschluss, der sich aus einer Beschwerde gegen die Weigerung der Handelsregisterf\u00fchrerin I von Asturien ableitet, eine notarielle Urkunde f\u00fcr Gesellschaftsbeschl\u00fcsse zur \u00c4nderung der Satzung und, insbesondere, dessen Artikel 21 \u00fcber die Einberufung der Hauptversammlung und die M\u00f6glichkeit der Einberufung per E-Mail zu registrieren.<\/p>\n<p style=\"text-align: justify;\">Der ge\u00e4nderte Artikel hatte folgenden Wortlaut:<\/p>\n<p style=\"padding-left: 30px; text-align: justify;\"><em>&#8222;Artikel 21. Alle Hauptversammlungen m\u00fcssen durch ein individuelles und schriftliches Kommunikationsverfahren, <u>einschlie\u00dflich elektronischer Mittel<\/u>, einberufen werden, das sowohl von der Universalpost als auch von einem anderen Betreiber durchgef\u00fchrt werden kann und sicherstellt, dass die Einberufung bei allen Gesellschaftern unter der daf\u00fcr vorgesehenen Adresse oder derjenigen, die in den Unterlagen der Gesellschaft vorgesehen wird (betrachtet als solche diejenige, die im Gesellschafterverzeichnis erscheint, und in Ermangelung dessen, die im Dokument oder Titel des Erwerbs des Gesellschafterstatus angegebene Adresse) <strong><u>oder durch der von jedem Gesellschafter angegebenen und auch im Gesellschafterverzeichnis angegebenen E-Mail-Adresse (mit Lesebest\u00e4tigung unter Ber\u00fccksichtigung der Tatsache, dass die Weigerung, die Anfrage zum Lesen der Versendung der Vorladung zu best\u00e4tigen, die Auswirkungen derselben haben wird, sofern sie nicht vom System zur\u00fcckgegeben wurde)<\/u><\/strong>, mit Anpassung, auf jeden Fall, des Inhalts der Einberufung zu den Bestimmungen des Artikels 174 des Gesetzes \u00fcber Kapitalgesellschaften, mindestens f\u00fcnfzehn Tage vor dem Tag an dem die Hauptversammlung stattfinden sollte, mit Ausnahme von Fusionen und Abspaltungen, bei denen die Mitteilung mindestens einen Monat im Voraus erfolgen muss, wobei der Zeitraum ab dem Tag der Absendung der Mitteilung zum letzten von ihnen berechnet wird, [&#8230;.]&#8220;.<\/em><\/p>\n<p style=\"text-align: justify;\">Die Handelsregisterf\u00fchrerin hat die Urkunde zur \u00c4nderung der Satzung negativ qualifiziert und argumentiert, dass <u>ein elektronisches Vorladungssystem per E-Mail nicht angenommen werden k\u00f6nne, ohne dass eine Best\u00e4tigung seiner Auslegung erforderlich sei<\/u>, und ihre Entscheidung auf den Beschluss der Generaldirektion der Register und Notare vom 28. Oktober 2014 und gem\u00e4\u00df Artikel 173 Absatz 2 des Gesetzes \u00fcber Kapitalgesellschaften gest\u00fctzt.<\/p>\n<p style=\"text-align: justify;\">Die oben genannte negative Bewertung wurde vom Notar angefochten, der, wie wir im Folgenden sehen werden, diese Bewertung zu Recht in Frage stellte und erkl\u00e4rte, dass von dem Moment an, an dem der Gesellschafter eine E-Mail-Adresse angegeben hat, dieser die Kommunikationsmittel mit der Gesellschaft akzeptiert, und f\u00fcgte hinzu, dass &#8222;<em>die Effizienz nicht seinem alleinigen Ermessen \u00fcberlassen werden kann, sodass wenn er die Lesung nicht best\u00e4tigt, m\u00fcssen die daraus resultierenden Folgen auf seine Kosten und von ihm getragen werden<\/em>&#8222;.<\/p>\n<p style=\"text-align: justify;\">Nun, die DGRN hat die Debatte beigelegt, indem sie sich f\u00fcr die Sch\u00e4tzung der Beschwerde und den Widerruf der angefochtenen negativen Bewertung entschieden hat, und bekr\u00e4ftigte, dass das geplante System es erm\u00f6glicht, den Empfang der Ank\u00fcndigung vom Gesellschafter vern\u00fcnftigerweise sicherzustellen, und dass im derzeitigen Stand der Telematischen Kommunikationen, der Nachweis des Empfangs beispielsweise durch die &lt;&lt;&lt;Auslieferungsbest\u00e4tigung&gt;&gt;&gt;, ein Mittel, das als ausreichend anzusehen ist, erbracht werden kann.<\/p>\n<p style=\"text-align: justify;\">Schlie\u00dflich f\u00fcgt die DGRN hinzu, dass die Bestimmung im Artikel, dass die &#8222;Nichtbest\u00e4tigung&#8220; die Wirkungen der Best\u00e4tigung hervorruft, solange die Mitteilung nicht vom System zur\u00fcckgegeben wurde, das vorgeschlagene System nicht verzerrt, vorausgesetzt, dass &#8222;das Verfahren Vorrang vor der obstruktiven Haltung des Gesellschafters haben muss, der eine solche Lesebest\u00e4tigung ablehnt, so dass in diesem Fall der Gesellschafter f\u00fcr den Nachweis des m\u00f6glichen Fehlens einer Einberufung verantwortlich ist&#8220;.<\/p>\n<p>&nbsp;<\/p>\n<p>&nbsp;<\/p>\n<p style=\"text-align: justify;\">Pedro Blanco Guardado<\/p>\n<p style=\"text-align: justify;\">Vil\u00e1 Abogados<\/p>\n<p>&nbsp;<\/p>\n<p style=\"text-align: justify;\">F\u00fcr weitere Informationen wenden Sie sich bitte an:<\/p>\n<p style=\"text-align: justify;\"><span style=\"color: #3366ff;\"><a style=\"color: #3366ff;\" href=\"mailto:va@vila.es\">va@vila.es<\/a><\/span><\/p>\n<p>&nbsp;<\/p>\n<p style=\"text-align: justify;\">30. August 2019<\/p>\n","protected":false},"excerpt":{"rendered":"<p>Am 19. Juli 2019 ver\u00f6ffentlichte die Generaldirektion der Register und Notare (DGRN) einen Beschluss, der sich aus einer Beschwerde gegen die Weigerung der Handelsregisterf\u00fchrerin I von Asturien ableitet, eine notarielle Urkunde f\u00fcr Gesellschaftsbeschl\u00fcsse zur \u00c4nderung der Satzung und, insbesondere, dessen Artikel 21 \u00fcber die Einberufung der Hauptversammlung und die M\u00f6glichkeit der Einberufung per E-Mail zu  [&#8230;]<\/p>\n","protected":false},"author":4,"featured_media":5987,"comment_status":"open","ping_status":"closed","sticky":false,"template":"","format":"standard","meta":{"footnotes":""},"categories":[92],"tags":[],"class_list":["post-2768","post","type-post","status-publish","format-standard","has-post-thumbnail","hentry","category-gesellschaftsrecht"],"yoast_head":"<!-- This site is optimized with the Yoast SEO plugin v27.1.1 - https:\/\/yoast.com\/product\/yoast-seo-wordpress\/ -->\n<title>EINBERUFUNG DER HAUPTVERSAMMLUNG PER E-MAIL - Vil\u00e1 Abogados<\/title>\n<meta name=\"robots\" content=\"index, follow, max-snippet:-1, max-image-preview:large, max-video-preview:-1\" \/>\n<link rel=\"canonical\" href=\"https:\/\/vila.es\/de\/gesellschaftsrecht\/einberufung-der-hauptversammlung-per-e-mail\/\" \/>\n<meta property=\"og:locale\" content=\"de_DE\" \/>\n<meta property=\"og:type\" content=\"article\" \/>\n<meta property=\"og:title\" content=\"EINBERUFUNG DER HAUPTVERSAMMLUNG PER E-MAIL - Vil\u00e1 Abogados\" \/>\n<meta property=\"og:description\" content=\"Am 19. Juli 2019 ver\u00f6ffentlichte die Generaldirektion der Register und Notare (DGRN) einen Beschluss, der sich aus einer Beschwerde gegen die Weigerung der Handelsregisterf\u00fchrerin I von Asturien ableitet, eine notarielle Urkunde f\u00fcr Gesellschaftsbeschl\u00fcsse zur \u00c4nderung der Satzung und, insbesondere, dessen Artikel 21 \u00fcber die Einberufung der Hauptversammlung und die M\u00f6glichkeit der Einberufung per E-Mail zu [...]\" \/>\n<meta property=\"og:url\" content=\"https:\/\/vila.es\/de\/gesellschaftsrecht\/einberufung-der-hauptversammlung-per-e-mail\/\" \/>\n<meta property=\"og:site_name\" content=\"Vil\u00e1 Abogados\" \/>\n<meta property=\"article:published_time\" content=\"2019-08-30T11:33:55+00:00\" \/>\n<meta property=\"article:modified_time\" content=\"2020-11-05T08:24:46+00:00\" \/>\n<meta property=\"og:image\" content=\"https:\/\/vila.es\/wp-content\/uploads\/2020\/07\/societario2.jpg\" \/>\n\t<meta property=\"og:image:width\" content=\"669\" \/>\n\t<meta property=\"og:image:height\" content=\"272\" \/>\n\t<meta property=\"og:image:type\" content=\"image\/jpeg\" \/>\n<meta name=\"author\" content=\"Vil\u00e1 Abogados\" \/>\n<meta name=\"twitter:card\" content=\"summary_large_image\" \/>\n<meta name=\"twitter:label1\" content=\"Verfasst von\" \/>\n\t<meta name=\"twitter:data1\" content=\"Vil\u00e1 Abogados\" \/>\n\t<meta name=\"twitter:label2\" content=\"Gesch\u00e4tzte Lesezeit\" \/>\n\t<meta name=\"twitter:data2\" content=\"3\u00a0Minuten\" \/>\n<script type=\"application\/ld+json\" class=\"yoast-schema-graph\">{\"@context\":\"https:\/\/schema.org\",\"@graph\":[{\"@type\":\"Article\",\"@id\":\"https:\/\/vila.es\/de\/gesellschaftsrecht\/einberufung-der-hauptversammlung-per-e-mail\/#article\",\"isPartOf\":{\"@id\":\"https:\/\/vila.es\/de\/gesellschaftsrecht\/einberufung-der-hauptversammlung-per-e-mail\/\"},\"author\":{\"name\":\"Vil\u00e1 Abogados\",\"@id\":\"https:\/\/vila.es\/en\/#\/schema\/person\/1338568a83d16fbfd6073c8cc4834904\"},\"headline\":\"EINBERUFUNG DER HAUPTVERSAMMLUNG PER E-MAIL\",\"datePublished\":\"2019-08-30T11:33:55+00:00\",\"dateModified\":\"2020-11-05T08:24:46+00:00\",\"mainEntityOfPage\":{\"@id\":\"https:\/\/vila.es\/de\/gesellschaftsrecht\/einberufung-der-hauptversammlung-per-e-mail\/\"},\"wordCount\":576,\"commentCount\":0,\"image\":{\"@id\":\"https:\/\/vila.es\/de\/gesellschaftsrecht\/einberufung-der-hauptversammlung-per-e-mail\/#primaryimage\"},\"thumbnailUrl\":\"https:\/\/vila.es\/wp-content\/uploads\/2020\/07\/societario2.jpg\",\"articleSection\":[\"Gesellschaftsrecht\"],\"inLanguage\":\"de\",\"potentialAction\":[{\"@type\":\"CommentAction\",\"name\":\"Comment\",\"target\":[\"https:\/\/vila.es\/de\/gesellschaftsrecht\/einberufung-der-hauptversammlung-per-e-mail\/#respond\"]}]},{\"@type\":\"WebPage\",\"@id\":\"https:\/\/vila.es\/de\/gesellschaftsrecht\/einberufung-der-hauptversammlung-per-e-mail\/\",\"url\":\"https:\/\/vila.es\/de\/gesellschaftsrecht\/einberufung-der-hauptversammlung-per-e-mail\/\",\"name\":\"EINBERUFUNG DER HAUPTVERSAMMLUNG PER E-MAIL - Vil\u00e1 Abogados\",\"isPartOf\":{\"@id\":\"https:\/\/vila.es\/en\/#website\"},\"primaryImageOfPage\":{\"@id\":\"https:\/\/vila.es\/de\/gesellschaftsrecht\/einberufung-der-hauptversammlung-per-e-mail\/#primaryimage\"},\"image\":{\"@id\":\"https:\/\/vila.es\/de\/gesellschaftsrecht\/einberufung-der-hauptversammlung-per-e-mail\/#primaryimage\"},\"thumbnailUrl\":\"https:\/\/vila.es\/wp-content\/uploads\/2020\/07\/societario2.jpg\",\"datePublished\":\"2019-08-30T11:33:55+00:00\",\"dateModified\":\"2020-11-05T08:24:46+00:00\",\"author\":{\"@id\":\"https:\/\/vila.es\/en\/#\/schema\/person\/1338568a83d16fbfd6073c8cc4834904\"},\"breadcrumb\":{\"@id\":\"https:\/\/vila.es\/de\/gesellschaftsrecht\/einberufung-der-hauptversammlung-per-e-mail\/#breadcrumb\"},\"inLanguage\":\"de\",\"potentialAction\":[{\"@type\":\"ReadAction\",\"target\":[\"https:\/\/vila.es\/de\/gesellschaftsrecht\/einberufung-der-hauptversammlung-per-e-mail\/\"]}]},{\"@type\":\"ImageObject\",\"inLanguage\":\"de\",\"@id\":\"https:\/\/vila.es\/de\/gesellschaftsrecht\/einberufung-der-hauptversammlung-per-e-mail\/#primaryimage\",\"url\":\"https:\/\/vila.es\/wp-content\/uploads\/2020\/07\/societario2.jpg\",\"contentUrl\":\"https:\/\/vila.es\/wp-content\/uploads\/2020\/07\/societario2.jpg\",\"width\":669,\"height\":272},{\"@type\":\"BreadcrumbList\",\"@id\":\"https:\/\/vila.es\/de\/gesellschaftsrecht\/einberufung-der-hauptversammlung-per-e-mail\/#breadcrumb\",\"itemListElement\":[{\"@type\":\"ListItem\",\"position\":1,\"name\":\"Portada\",\"item\":\"https:\/\/vila.es\/de\/\"},{\"@type\":\"ListItem\",\"position\":2,\"name\":\"EINBERUFUNG DER HAUPTVERSAMMLUNG PER E-MAIL\"}]},{\"@type\":\"WebSite\",\"@id\":\"https:\/\/vila.es\/en\/#website\",\"url\":\"https:\/\/vila.es\/en\/\",\"name\":\"Vil\u00e1 Abogados\",\"description\":\"Damos soporte jur\u00eddico a proyectos e iniciativas de negocio de empresas y de emprendedores extranjeros y nacionales\",\"potentialAction\":[{\"@type\":\"SearchAction\",\"target\":{\"@type\":\"EntryPoint\",\"urlTemplate\":\"https:\/\/vila.es\/en\/?s={search_term_string}\"},\"query-input\":{\"@type\":\"PropertyValueSpecification\",\"valueRequired\":true,\"valueName\":\"search_term_string\"}}],\"inLanguage\":\"de\"},{\"@type\":\"Person\",\"@id\":\"https:\/\/vila.es\/en\/#\/schema\/person\/1338568a83d16fbfd6073c8cc4834904\",\"name\":\"Vil\u00e1 Abogados\",\"image\":{\"@type\":\"ImageObject\",\"inLanguage\":\"de\",\"@id\":\"https:\/\/vila.es\/en\/#\/schema\/person\/image\/\",\"url\":\"https:\/\/secure.gravatar.com\/avatar\/80372a28ffd84e8b62261dc710c686e32c574bf8a1c71bfd6ebfba0f351a081b?s=96&d=mm&r=g\",\"contentUrl\":\"https:\/\/secure.gravatar.com\/avatar\/80372a28ffd84e8b62261dc710c686e32c574bf8a1c71bfd6ebfba0f351a081b?s=96&d=mm&r=g\",\"caption\":\"Vil\u00e1 Abogados\"},\"url\":\"https:\/\/vila.es\/de\/author\/vilaes\/\"}]}<\/script>\n<!-- \/ Yoast SEO plugin. -->","yoast_head_json":{"title":"EINBERUFUNG DER HAUPTVERSAMMLUNG PER E-MAIL - Vil\u00e1 Abogados","robots":{"index":"index","follow":"follow","max-snippet":"max-snippet:-1","max-image-preview":"max-image-preview:large","max-video-preview":"max-video-preview:-1"},"canonical":"https:\/\/vila.es\/de\/gesellschaftsrecht\/einberufung-der-hauptversammlung-per-e-mail\/","og_locale":"de_DE","og_type":"article","og_title":"EINBERUFUNG DER HAUPTVERSAMMLUNG PER E-MAIL - Vil\u00e1 Abogados","og_description":"Am 19. Juli 2019 ver\u00f6ffentlichte die Generaldirektion der Register und Notare (DGRN) einen Beschluss, der sich aus einer Beschwerde gegen die Weigerung der Handelsregisterf\u00fchrerin I von Asturien ableitet, eine notarielle Urkunde f\u00fcr Gesellschaftsbeschl\u00fcsse zur \u00c4nderung der Satzung und, insbesondere, dessen Artikel 21 \u00fcber die Einberufung der Hauptversammlung und die M\u00f6glichkeit der Einberufung per E-Mail zu [...]","og_url":"https:\/\/vila.es\/de\/gesellschaftsrecht\/einberufung-der-hauptversammlung-per-e-mail\/","og_site_name":"Vil\u00e1 Abogados","article_published_time":"2019-08-30T11:33:55+00:00","article_modified_time":"2020-11-05T08:24:46+00:00","og_image":[{"width":669,"height":272,"url":"https:\/\/vila.es\/wp-content\/uploads\/2020\/07\/societario2.jpg","type":"image\/jpeg"}],"author":"Vil\u00e1 Abogados","twitter_card":"summary_large_image","twitter_misc":{"Verfasst von":"Vil\u00e1 Abogados","Gesch\u00e4tzte Lesezeit":"3\u00a0Minuten"},"schema":{"@context":"https:\/\/schema.org","@graph":[{"@type":"Article","@id":"https:\/\/vila.es\/de\/gesellschaftsrecht\/einberufung-der-hauptversammlung-per-e-mail\/#article","isPartOf":{"@id":"https:\/\/vila.es\/de\/gesellschaftsrecht\/einberufung-der-hauptversammlung-per-e-mail\/"},"author":{"name":"Vil\u00e1 Abogados","@id":"https:\/\/vila.es\/en\/#\/schema\/person\/1338568a83d16fbfd6073c8cc4834904"},"headline":"EINBERUFUNG DER HAUPTVERSAMMLUNG PER E-MAIL","datePublished":"2019-08-30T11:33:55+00:00","dateModified":"2020-11-05T08:24:46+00:00","mainEntityOfPage":{"@id":"https:\/\/vila.es\/de\/gesellschaftsrecht\/einberufung-der-hauptversammlung-per-e-mail\/"},"wordCount":576,"commentCount":0,"image":{"@id":"https:\/\/vila.es\/de\/gesellschaftsrecht\/einberufung-der-hauptversammlung-per-e-mail\/#primaryimage"},"thumbnailUrl":"https:\/\/vila.es\/wp-content\/uploads\/2020\/07\/societario2.jpg","articleSection":["Gesellschaftsrecht"],"inLanguage":"de","potentialAction":[{"@type":"CommentAction","name":"Comment","target":["https:\/\/vila.es\/de\/gesellschaftsrecht\/einberufung-der-hauptversammlung-per-e-mail\/#respond"]}]},{"@type":"WebPage","@id":"https:\/\/vila.es\/de\/gesellschaftsrecht\/einberufung-der-hauptversammlung-per-e-mail\/","url":"https:\/\/vila.es\/de\/gesellschaftsrecht\/einberufung-der-hauptversammlung-per-e-mail\/","name":"EINBERUFUNG DER HAUPTVERSAMMLUNG PER E-MAIL - Vil\u00e1 Abogados","isPartOf":{"@id":"https:\/\/vila.es\/en\/#website"},"primaryImageOfPage":{"@id":"https:\/\/vila.es\/de\/gesellschaftsrecht\/einberufung-der-hauptversammlung-per-e-mail\/#primaryimage"},"image":{"@id":"https:\/\/vila.es\/de\/gesellschaftsrecht\/einberufung-der-hauptversammlung-per-e-mail\/#primaryimage"},"thumbnailUrl":"https:\/\/vila.es\/wp-content\/uploads\/2020\/07\/societario2.jpg","datePublished":"2019-08-30T11:33:55+00:00","dateModified":"2020-11-05T08:24:46+00:00","author":{"@id":"https:\/\/vila.es\/en\/#\/schema\/person\/1338568a83d16fbfd6073c8cc4834904"},"breadcrumb":{"@id":"https:\/\/vila.es\/de\/gesellschaftsrecht\/einberufung-der-hauptversammlung-per-e-mail\/#breadcrumb"},"inLanguage":"de","potentialAction":[{"@type":"ReadAction","target":["https:\/\/vila.es\/de\/gesellschaftsrecht\/einberufung-der-hauptversammlung-per-e-mail\/"]}]},{"@type":"ImageObject","inLanguage":"de","@id":"https:\/\/vila.es\/de\/gesellschaftsrecht\/einberufung-der-hauptversammlung-per-e-mail\/#primaryimage","url":"https:\/\/vila.es\/wp-content\/uploads\/2020\/07\/societario2.jpg","contentUrl":"https:\/\/vila.es\/wp-content\/uploads\/2020\/07\/societario2.jpg","width":669,"height":272},{"@type":"BreadcrumbList","@id":"https:\/\/vila.es\/de\/gesellschaftsrecht\/einberufung-der-hauptversammlung-per-e-mail\/#breadcrumb","itemListElement":[{"@type":"ListItem","position":1,"name":"Portada","item":"https:\/\/vila.es\/de\/"},{"@type":"ListItem","position":2,"name":"EINBERUFUNG DER HAUPTVERSAMMLUNG PER E-MAIL"}]},{"@type":"WebSite","@id":"https:\/\/vila.es\/en\/#website","url":"https:\/\/vila.es\/en\/","name":"Vil\u00e1 Abogados","description":"Damos soporte jur\u00eddico a proyectos e iniciativas de negocio de empresas y de emprendedores extranjeros y nacionales","potentialAction":[{"@type":"SearchAction","target":{"@type":"EntryPoint","urlTemplate":"https:\/\/vila.es\/en\/?s={search_term_string}"},"query-input":{"@type":"PropertyValueSpecification","valueRequired":true,"valueName":"search_term_string"}}],"inLanguage":"de"},{"@type":"Person","@id":"https:\/\/vila.es\/en\/#\/schema\/person\/1338568a83d16fbfd6073c8cc4834904","name":"Vil\u00e1 Abogados","image":{"@type":"ImageObject","inLanguage":"de","@id":"https:\/\/vila.es\/en\/#\/schema\/person\/image\/","url":"https:\/\/secure.gravatar.com\/avatar\/80372a28ffd84e8b62261dc710c686e32c574bf8a1c71bfd6ebfba0f351a081b?s=96&d=mm&r=g","contentUrl":"https:\/\/secure.gravatar.com\/avatar\/80372a28ffd84e8b62261dc710c686e32c574bf8a1c71bfd6ebfba0f351a081b?s=96&d=mm&r=g","caption":"Vil\u00e1 Abogados"},"url":"https:\/\/vila.es\/de\/author\/vilaes\/"}]}},"_links":{"self":[{"href":"https:\/\/vila.es\/de\/wp-json\/wp\/v2\/posts\/2768","targetHints":{"allow":["GET"]}}],"collection":[{"href":"https:\/\/vila.es\/de\/wp-json\/wp\/v2\/posts"}],"about":[{"href":"https:\/\/vila.es\/de\/wp-json\/wp\/v2\/types\/post"}],"author":[{"embeddable":true,"href":"https:\/\/vila.es\/de\/wp-json\/wp\/v2\/users\/4"}],"replies":[{"embeddable":true,"href":"https:\/\/vila.es\/de\/wp-json\/wp\/v2\/comments?post=2768"}],"version-history":[{"count":2,"href":"https:\/\/vila.es\/de\/wp-json\/wp\/v2\/posts\/2768\/revisions"}],"predecessor-version":[{"id":8090,"href":"https:\/\/vila.es\/de\/wp-json\/wp\/v2\/posts\/2768\/revisions\/8090"}],"wp:featuredmedia":[{"embeddable":true,"href":"https:\/\/vila.es\/de\/wp-json\/wp\/v2\/media\/5987"}],"wp:attachment":[{"href":"https:\/\/vila.es\/de\/wp-json\/wp\/v2\/media?parent=2768"}],"wp:term":[{"taxonomy":"category","embeddable":true,"href":"https:\/\/vila.es\/de\/wp-json\/wp\/v2\/categories?post=2768"},{"taxonomy":"post_tag","embeddable":true,"href":"https:\/\/vila.es\/de\/wp-json\/wp\/v2\/tags?post=2768"}],"curies":[{"name":"wp","href":"https:\/\/api.w.org\/{rel}","templated":true}]}}