{"id":2309,"date":"2017-11-24T14:51:34","date_gmt":"2017-11-24T14:51:34","guid":{"rendered":"https:\/\/vila.es\/de\/?p=2309"},"modified":"2020-11-20T10:15:18","modified_gmt":"2020-11-20T10:15:18","slug":"entwurf-des-datenschutzgesetzes","status":"publish","type":"post","link":"https:\/\/vila.es\/de\/datenschutz\/entwurf-des-datenschutzgesetzes\/","title":{"rendered":"ENTWURF DES DATENSCHUTZGESETZES"},"content":{"rendered":"<p style=\"text-align: justify;\">Am 10. November genehmigte der Ministerrat die Zusendung des Entwurfs\u00a0zum Datenschutzgesetz an die\u00a0<em>Cortes Generales\u00a0<\/em>(Gesetzgegebungsgewalt in Spanien<em>)<\/em>, mit dem die spanischen Rechtsvorschriften an die Bestimmungen der <span style=\"color: #3366ff;\"><a style=\"color: #3366ff;\" href=\"http:\/\/eur-lex.europa.eu\/legal-content\/DE\/TXT\/HTML\/?uri=CELEX:32016R0679&amp;from=EN\">Verordnung (EU) 2016\/679 des Europ\u00e4ischen Parlaments und des Rates vom 27. April 2016<\/a><\/span> angepasst werden. Diese Europ\u00e4ische Verordnung gilt ab dem 25. Mai 2018. Auch unser <span style=\"color: #3366ff;\"><a style=\"color: #3366ff;\" href=\"https:\/\/vila.es\/de\/unkategorisiert\/datenschutz-neuheiten-2018\/\">fr\u00fcherer Artikel vom 24. M\u00e4rz 2017<\/a><\/span> verwies auf diese europ\u00e4ische Regelung.<\/p>\n<p style=\"text-align: justify;\"><strong>\u00a0<\/strong>Eines der Hauptziele der europ\u00e4ischen Verordnung ist es, die bestehenden Unterschiede in den verschiedenen Regelungen der EU-L\u00e4nder zu beseitigen. Au\u00dferdem sollen die Datenschutzvorschriften an die rasanten technologischen Entwicklungen und Ereignisse\u00a0angepasst werden, die sich aus der Weiterentwicklung der Informationsgesellschaft (IT)\u00a0und der Globalisierung ergeben.<\/p>\n<p style=\"text-align: justify;\">In Spanien\u00a0ist Datenschutz ein\u00a0durch die Verfassung gesch\u00fctztes\u00a0Grundrecht. Aus diesem Grund werden Neuerungen sowohl in die Zustimmungsregelung als auch in die Datenbehandlung und in die Einf\u00fchrung neuer Schutzverfahren aufgenommen.<\/p>\n<p style=\"text-align: justify;\"><strong>1. Minderj\u00e4hrige und Verstorbene<\/strong><\/p>\n<ul style=\"text-align: justify;\">\n<li>\u00a0 \u00a0Das Mindestalter f\u00fcr die Datenbehandlung wird\u00a0auf 13 Jahre alt erh\u00f6ht, in \u00dcbereinstimmung mit den Vorschriften anderer uns umgebender\u00a0L\u00e4nder.<\/li>\n<\/ul>\n<ul style=\"text-align: justify;\">\n<li>\u00a0 \u00a0Auf die\u00a0Daten verstorbener Personen kann nur \u00fcber Zustimmung der\u00a0Erben zugegriffen werden. Ab jetzt ist es notwendig die Einwilligung ausdr\u00fccklich zu best\u00e4tigen, nicht wie zuvor stillschweigend. Die Vertraulichkeit im Rahmen des Datenschutzes\u00a0ist jetzt Gesetz.<\/li>\n<\/ul>\n<ul style=\"text-align: justify;\">\n<li>Sollten erhaltene personenbezogene Daten ungenau sein, kann der f\u00fcr die Verarbeitung Verantwortliche nicht haftbar gemacht werden, wenn er alle angemessenen Schritte unternommen hat, um diese zu korrigieren\u00a0oder zu l\u00f6schen.<\/li>\n<\/ul>\n<ul style=\"text-align: justify;\">\n<li>\u00a0Im Falle einer Datenverarbeitung gilt absolute Transparenz, die betroffene Person muss \u00fcber die Verarbeitung informiert werden und hat das Recht auf\u00a0Zugang, Berichtigung, L\u00f6schung,\u00a0Einschr\u00e4nkung der Verarbeitung sowie die \u00dcbertragbarkeit und den Widerspruch.<\/li>\n<\/ul>\n<p style=\"text-align: justify;\"><strong>2. Diskriminierende Situationen<\/strong><\/p>\n<p style=\"padding-left: 30px; text-align: justify;\">Um diskriminierende Situationen zu vermeiden, wird das Verbot, besondere Schutzdaten wie Ideologie, Gewerkschaftszugeh\u00f6rigkeit, Religion, sexuelle Orientierung, ethnische Herkunft und \u00dcberzeugungen zu beibehalten. In diesen Kategorien reicht die Einwilligung der betroffenen Person allein nicht aus, um die Verarbeitung durchf\u00fchrbar zu machen.<\/p>\n<p style=\"padding-left: 30px; text-align: justify;\">Das neue Gesetz sieht vor, das die Datenverf\u00fcgung\u00a0immer im Interesse der betroffenen Person unter Einhaltung bestimmter Anforderungen, wie im Falle von Kreditinformationssystemen\u00a0steht.<\/p>\n<p style=\"padding-left: 30px; text-align: justify;\">Es werden auch folgenden\u00a0Situationen geregelt: W\u00fcrdigung von\u00a0\u00f6ffentlichem\u00a0Interesse, wie z.B. bei\u00a0Video\u00fcberwachungs- und Werbeausschluss-Systemen (&#8222;Robinson-Listen&#8220;), die\u00a0der \u00f6ffentlichen Statistik\u00a0und internen Klagen im privaten Sektor dienen.<\/p>\n<p style=\"text-align: justify;\"><strong>3. Weitere Neuerungen<\/strong><\/p>\n<p style=\"padding-left: 30px; text-align: justify;\">Der Datenschutzbeauftragte muss\u00a0eine nat\u00fcrliche oder juristische Person sein,\u00a0deren Benennung der zust\u00e4ndigen Beh\u00f6rde mitgeteilt werden muss, die in Verbindung mit den spanischen Datenschutzbeh\u00f6rden (AEPD) steht.<\/p>\n<p style=\"padding-left: 30px; text-align: justify;\">Das Verfahren f\u00f6rdert Selbstregulierungsmechanismen sowohl im \u00f6ffentlichen als auch im privaten Sektor. Dar\u00fcber hinaus wird eine Sperrverpflichtung eingef\u00fchrt, um sicherzustellen, dass die Daten einem Gericht, der Staatsanwaltschaft oder anderen zust\u00e4ndigen Beh\u00f6rden, wie der AEPD zur Verf\u00fcgung stehen.\u00a0Dadurch wird verhindert, dass sie gel\u00f6scht werden, um die Nichteinhaltung zu vertuschen.<\/p>\n<p style=\"text-align: justify;\"><strong>4. Grenz\u00fcberschreitender\u00a0Informationsfluss<\/strong><\/p>\n<p style=\"padding-left: 30px; text-align: justify;\">Durch die Zunahme des grenz\u00fcberschreitenden Verkehrs personenbezogener Daten infolge der\u00a0verschiedenen T\u00e4tigkeiten des Binnenmarktes und der\u00a0rasanten technologischen Entwicklung und Globalisierung werden\u00a0diese Daten zu einer Schl\u00fcsselressource f\u00fcr die Informationsgesellschaft.<\/p>\n<p style=\"padding-left: 30px; text-align: justify;\">Angesichts dieser Situation haben sich die Risiken, die mit der exponentiellen Vervielf\u00e4ltigung von Informationen \u00fcber Einzelpersonen verbunden sind, erh\u00f6ht, wodurch diese leichter zug\u00e4nglich und leichter zu verarbeiten sind, w\u00e4hrend gleichzeitig die Kontrolle \u00fcber ihre Verwendung und Bestimmung erschwert wird.<\/p>\n<p>&nbsp;<\/p>\n<p>&nbsp;<\/p>\n<p style=\"text-align: justify;\">Mika Otomo<\/p>\n<p style=\"text-align: justify;\">Vil\u00e1 Abogados<\/p>\n<p>&nbsp;<\/p>\n<p>F\u00fchr weite Information setzen Sie sich bitte:<\/p>\n<p style=\"text-align: justify;\"><span style=\"color: #3366ff;\"><a style=\"color: #3366ff;\" href=\"mailto:va@vila.es\">va@vila.es<\/a><\/span><\/p>\n<p>&nbsp;<\/p>\n<p style=\"text-align: justify;\">24. November 2017<\/p>\n","protected":false},"excerpt":{"rendered":"<p>Am 10. November genehmigte der Ministerrat die Zusendung des Entwurfs\u00a0zum Datenschutzgesetz an die\u00a0Cortes Generales\u00a0(Gesetzgegebungsgewalt in Spanien), mit dem die spanischen Rechtsvorschriften an die Bestimmungen der Verordnung (EU) 2016\/679 des Europ\u00e4ischen Parlaments und des Rates vom 27. April 2016 angepasst werden. Diese Europ\u00e4ische Verordnung gilt ab dem 25. Mai 2018. Auch unser fr\u00fcherer Artikel vom 24.  [&#8230;]<\/p>\n","protected":false},"author":4,"featured_media":4727,"comment_status":"open","ping_status":"closed","sticky":false,"template":"","format":"standard","meta":{"footnotes":""},"categories":[103],"tags":[],"class_list":["post-2309","post","type-post","status-publish","format-standard","has-post-thumbnail","hentry","category-datenschutz"],"yoast_head":"<!-- This site is optimized with the Yoast SEO plugin v27.1.1 - https:\/\/yoast.com\/product\/yoast-seo-wordpress\/ -->\n<title>ENTWURF DES DATENSCHUTZGESETZES<\/title>\n<meta name=\"robots\" content=\"index, follow, max-snippet:-1, max-image-preview:large, max-video-preview:-1\" \/>\n<link rel=\"canonical\" href=\"https:\/\/vila.es\/de\/datenschutz\/entwurf-des-datenschutzgesetzes\/\" \/>\n<meta property=\"og:locale\" content=\"de_DE\" \/>\n<meta property=\"og:type\" content=\"article\" \/>\n<meta property=\"og:title\" content=\"ENTWURF DES DATENSCHUTZGESETZES\" \/>\n<meta property=\"og:description\" content=\"Am 10. November genehmigte der Ministerrat die Zusendung des Entwurfs\u00a0zum Datenschutzgesetz an die\u00a0Cortes Generales\u00a0(Gesetzgegebungsgewalt in Spanien), mit dem die spanischen Rechtsvorschriften an die Bestimmungen der Verordnung (EU) 2016\/679 des Europ\u00e4ischen Parlaments und des Rates vom 27. April 2016 angepasst werden. Diese Europ\u00e4ische Verordnung gilt ab dem 25. Mai 2018. Auch unser fr\u00fcherer Artikel vom 24. [...]\" \/>\n<meta property=\"og:url\" content=\"https:\/\/vila.es\/de\/datenschutz\/entwurf-des-datenschutzgesetzes\/\" \/>\n<meta property=\"og:site_name\" content=\"Vil\u00e1 Abogados\" \/>\n<meta property=\"article:published_time\" content=\"2017-11-24T14:51:34+00:00\" \/>\n<meta property=\"article:modified_time\" content=\"2020-11-20T10:15:18+00:00\" \/>\n<meta property=\"og:image\" content=\"https:\/\/vila.es\/wp-content\/uploads\/2020\/07\/proteccion-de-datos.jpg\" \/>\n\t<meta property=\"og:image:width\" content=\"669\" \/>\n\t<meta property=\"og:image:height\" content=\"272\" \/>\n\t<meta property=\"og:image:type\" content=\"image\/jpeg\" \/>\n<meta name=\"author\" content=\"Vil\u00e1 Abogados\" \/>\n<meta name=\"twitter:card\" content=\"summary_large_image\" \/>\n<meta name=\"twitter:label1\" content=\"Verfasst von\" \/>\n\t<meta name=\"twitter:data1\" content=\"Vil\u00e1 Abogados\" \/>\n\t<meta name=\"twitter:label2\" content=\"Gesch\u00e4tzte Lesezeit\" \/>\n\t<meta name=\"twitter:data2\" content=\"3\u00a0Minuten\" \/>\n<script type=\"application\/ld+json\" class=\"yoast-schema-graph\">{\"@context\":\"https:\/\/schema.org\",\"@graph\":[{\"@type\":\"Article\",\"@id\":\"https:\/\/vila.es\/de\/datenschutz\/entwurf-des-datenschutzgesetzes\/#article\",\"isPartOf\":{\"@id\":\"https:\/\/vila.es\/de\/datenschutz\/entwurf-des-datenschutzgesetzes\/\"},\"author\":{\"name\":\"Vil\u00e1 Abogados\",\"@id\":\"https:\/\/vila.es\/en\/#\/schema\/person\/1338568a83d16fbfd6073c8cc4834904\"},\"headline\":\"ENTWURF DES DATENSCHUTZGESETZES\",\"datePublished\":\"2017-11-24T14:51:34+00:00\",\"dateModified\":\"2020-11-20T10:15:18+00:00\",\"mainEntityOfPage\":{\"@id\":\"https:\/\/vila.es\/de\/datenschutz\/entwurf-des-datenschutzgesetzes\/\"},\"wordCount\":564,\"commentCount\":0,\"image\":{\"@id\":\"https:\/\/vila.es\/de\/datenschutz\/entwurf-des-datenschutzgesetzes\/#primaryimage\"},\"thumbnailUrl\":\"https:\/\/vila.es\/wp-content\/uploads\/2020\/07\/proteccion-de-datos.jpg\",\"articleSection\":[\"Datenschutz\"],\"inLanguage\":\"de\",\"potentialAction\":[{\"@type\":\"CommentAction\",\"name\":\"Comment\",\"target\":[\"https:\/\/vila.es\/de\/datenschutz\/entwurf-des-datenschutzgesetzes\/#respond\"]}]},{\"@type\":\"WebPage\",\"@id\":\"https:\/\/vila.es\/de\/datenschutz\/entwurf-des-datenschutzgesetzes\/\",\"url\":\"https:\/\/vila.es\/de\/datenschutz\/entwurf-des-datenschutzgesetzes\/\",\"name\":\"ENTWURF DES DATENSCHUTZGESETZES\",\"isPartOf\":{\"@id\":\"https:\/\/vila.es\/en\/#website\"},\"primaryImageOfPage\":{\"@id\":\"https:\/\/vila.es\/de\/datenschutz\/entwurf-des-datenschutzgesetzes\/#primaryimage\"},\"image\":{\"@id\":\"https:\/\/vila.es\/de\/datenschutz\/entwurf-des-datenschutzgesetzes\/#primaryimage\"},\"thumbnailUrl\":\"https:\/\/vila.es\/wp-content\/uploads\/2020\/07\/proteccion-de-datos.jpg\",\"datePublished\":\"2017-11-24T14:51:34+00:00\",\"dateModified\":\"2020-11-20T10:15:18+00:00\",\"author\":{\"@id\":\"https:\/\/vila.es\/en\/#\/schema\/person\/1338568a83d16fbfd6073c8cc4834904\"},\"breadcrumb\":{\"@id\":\"https:\/\/vila.es\/de\/datenschutz\/entwurf-des-datenschutzgesetzes\/#breadcrumb\"},\"inLanguage\":\"de\",\"potentialAction\":[{\"@type\":\"ReadAction\",\"target\":[\"https:\/\/vila.es\/de\/datenschutz\/entwurf-des-datenschutzgesetzes\/\"]}]},{\"@type\":\"ImageObject\",\"inLanguage\":\"de\",\"@id\":\"https:\/\/vila.es\/de\/datenschutz\/entwurf-des-datenschutzgesetzes\/#primaryimage\",\"url\":\"https:\/\/vila.es\/wp-content\/uploads\/2020\/07\/proteccion-de-datos.jpg\",\"contentUrl\":\"https:\/\/vila.es\/wp-content\/uploads\/2020\/07\/proteccion-de-datos.jpg\",\"width\":669,\"height\":272},{\"@type\":\"BreadcrumbList\",\"@id\":\"https:\/\/vila.es\/de\/datenschutz\/entwurf-des-datenschutzgesetzes\/#breadcrumb\",\"itemListElement\":[{\"@type\":\"ListItem\",\"position\":1,\"name\":\"Portada\",\"item\":\"https:\/\/vila.es\/de\/\"},{\"@type\":\"ListItem\",\"position\":2,\"name\":\"ENTWURF DES DATENSCHUTZGESETZES\"}]},{\"@type\":\"WebSite\",\"@id\":\"https:\/\/vila.es\/en\/#website\",\"url\":\"https:\/\/vila.es\/en\/\",\"name\":\"Vil\u00e1 Abogados\",\"description\":\"Damos soporte jur\u00eddico a proyectos e iniciativas de negocio de empresas y de emprendedores extranjeros y nacionales\",\"potentialAction\":[{\"@type\":\"SearchAction\",\"target\":{\"@type\":\"EntryPoint\",\"urlTemplate\":\"https:\/\/vila.es\/en\/?s={search_term_string}\"},\"query-input\":{\"@type\":\"PropertyValueSpecification\",\"valueRequired\":true,\"valueName\":\"search_term_string\"}}],\"inLanguage\":\"de\"},{\"@type\":\"Person\",\"@id\":\"https:\/\/vila.es\/en\/#\/schema\/person\/1338568a83d16fbfd6073c8cc4834904\",\"name\":\"Vil\u00e1 Abogados\",\"image\":{\"@type\":\"ImageObject\",\"inLanguage\":\"de\",\"@id\":\"https:\/\/vila.es\/en\/#\/schema\/person\/image\/\",\"url\":\"https:\/\/secure.gravatar.com\/avatar\/80372a28ffd84e8b62261dc710c686e32c574bf8a1c71bfd6ebfba0f351a081b?s=96&d=mm&r=g\",\"contentUrl\":\"https:\/\/secure.gravatar.com\/avatar\/80372a28ffd84e8b62261dc710c686e32c574bf8a1c71bfd6ebfba0f351a081b?s=96&d=mm&r=g\",\"caption\":\"Vil\u00e1 Abogados\"},\"url\":\"https:\/\/vila.es\/de\/author\/vilaes\/\"}]}<\/script>\n<!-- \/ Yoast SEO plugin. -->","yoast_head_json":{"title":"ENTWURF DES DATENSCHUTZGESETZES","robots":{"index":"index","follow":"follow","max-snippet":"max-snippet:-1","max-image-preview":"max-image-preview:large","max-video-preview":"max-video-preview:-1"},"canonical":"https:\/\/vila.es\/de\/datenschutz\/entwurf-des-datenschutzgesetzes\/","og_locale":"de_DE","og_type":"article","og_title":"ENTWURF DES DATENSCHUTZGESETZES","og_description":"Am 10. November genehmigte der Ministerrat die Zusendung des Entwurfs\u00a0zum Datenschutzgesetz an die\u00a0Cortes Generales\u00a0(Gesetzgegebungsgewalt in Spanien), mit dem die spanischen Rechtsvorschriften an die Bestimmungen der Verordnung (EU) 2016\/679 des Europ\u00e4ischen Parlaments und des Rates vom 27. April 2016 angepasst werden. Diese Europ\u00e4ische Verordnung gilt ab dem 25. Mai 2018. Auch unser fr\u00fcherer Artikel vom 24. [...]","og_url":"https:\/\/vila.es\/de\/datenschutz\/entwurf-des-datenschutzgesetzes\/","og_site_name":"Vil\u00e1 Abogados","article_published_time":"2017-11-24T14:51:34+00:00","article_modified_time":"2020-11-20T10:15:18+00:00","og_image":[{"width":669,"height":272,"url":"https:\/\/vila.es\/wp-content\/uploads\/2020\/07\/proteccion-de-datos.jpg","type":"image\/jpeg"}],"author":"Vil\u00e1 Abogados","twitter_card":"summary_large_image","twitter_misc":{"Verfasst von":"Vil\u00e1 Abogados","Gesch\u00e4tzte Lesezeit":"3\u00a0Minuten"},"schema":{"@context":"https:\/\/schema.org","@graph":[{"@type":"Article","@id":"https:\/\/vila.es\/de\/datenschutz\/entwurf-des-datenschutzgesetzes\/#article","isPartOf":{"@id":"https:\/\/vila.es\/de\/datenschutz\/entwurf-des-datenschutzgesetzes\/"},"author":{"name":"Vil\u00e1 Abogados","@id":"https:\/\/vila.es\/en\/#\/schema\/person\/1338568a83d16fbfd6073c8cc4834904"},"headline":"ENTWURF DES DATENSCHUTZGESETZES","datePublished":"2017-11-24T14:51:34+00:00","dateModified":"2020-11-20T10:15:18+00:00","mainEntityOfPage":{"@id":"https:\/\/vila.es\/de\/datenschutz\/entwurf-des-datenschutzgesetzes\/"},"wordCount":564,"commentCount":0,"image":{"@id":"https:\/\/vila.es\/de\/datenschutz\/entwurf-des-datenschutzgesetzes\/#primaryimage"},"thumbnailUrl":"https:\/\/vila.es\/wp-content\/uploads\/2020\/07\/proteccion-de-datos.jpg","articleSection":["Datenschutz"],"inLanguage":"de","potentialAction":[{"@type":"CommentAction","name":"Comment","target":["https:\/\/vila.es\/de\/datenschutz\/entwurf-des-datenschutzgesetzes\/#respond"]}]},{"@type":"WebPage","@id":"https:\/\/vila.es\/de\/datenschutz\/entwurf-des-datenschutzgesetzes\/","url":"https:\/\/vila.es\/de\/datenschutz\/entwurf-des-datenschutzgesetzes\/","name":"ENTWURF DES DATENSCHUTZGESETZES","isPartOf":{"@id":"https:\/\/vila.es\/en\/#website"},"primaryImageOfPage":{"@id":"https:\/\/vila.es\/de\/datenschutz\/entwurf-des-datenschutzgesetzes\/#primaryimage"},"image":{"@id":"https:\/\/vila.es\/de\/datenschutz\/entwurf-des-datenschutzgesetzes\/#primaryimage"},"thumbnailUrl":"https:\/\/vila.es\/wp-content\/uploads\/2020\/07\/proteccion-de-datos.jpg","datePublished":"2017-11-24T14:51:34+00:00","dateModified":"2020-11-20T10:15:18+00:00","author":{"@id":"https:\/\/vila.es\/en\/#\/schema\/person\/1338568a83d16fbfd6073c8cc4834904"},"breadcrumb":{"@id":"https:\/\/vila.es\/de\/datenschutz\/entwurf-des-datenschutzgesetzes\/#breadcrumb"},"inLanguage":"de","potentialAction":[{"@type":"ReadAction","target":["https:\/\/vila.es\/de\/datenschutz\/entwurf-des-datenschutzgesetzes\/"]}]},{"@type":"ImageObject","inLanguage":"de","@id":"https:\/\/vila.es\/de\/datenschutz\/entwurf-des-datenschutzgesetzes\/#primaryimage","url":"https:\/\/vila.es\/wp-content\/uploads\/2020\/07\/proteccion-de-datos.jpg","contentUrl":"https:\/\/vila.es\/wp-content\/uploads\/2020\/07\/proteccion-de-datos.jpg","width":669,"height":272},{"@type":"BreadcrumbList","@id":"https:\/\/vila.es\/de\/datenschutz\/entwurf-des-datenschutzgesetzes\/#breadcrumb","itemListElement":[{"@type":"ListItem","position":1,"name":"Portada","item":"https:\/\/vila.es\/de\/"},{"@type":"ListItem","position":2,"name":"ENTWURF DES DATENSCHUTZGESETZES"}]},{"@type":"WebSite","@id":"https:\/\/vila.es\/en\/#website","url":"https:\/\/vila.es\/en\/","name":"Vil\u00e1 Abogados","description":"Damos soporte jur\u00eddico a proyectos e iniciativas de negocio de empresas y de emprendedores extranjeros y nacionales","potentialAction":[{"@type":"SearchAction","target":{"@type":"EntryPoint","urlTemplate":"https:\/\/vila.es\/en\/?s={search_term_string}"},"query-input":{"@type":"PropertyValueSpecification","valueRequired":true,"valueName":"search_term_string"}}],"inLanguage":"de"},{"@type":"Person","@id":"https:\/\/vila.es\/en\/#\/schema\/person\/1338568a83d16fbfd6073c8cc4834904","name":"Vil\u00e1 Abogados","image":{"@type":"ImageObject","inLanguage":"de","@id":"https:\/\/vila.es\/en\/#\/schema\/person\/image\/","url":"https:\/\/secure.gravatar.com\/avatar\/80372a28ffd84e8b62261dc710c686e32c574bf8a1c71bfd6ebfba0f351a081b?s=96&d=mm&r=g","contentUrl":"https:\/\/secure.gravatar.com\/avatar\/80372a28ffd84e8b62261dc710c686e32c574bf8a1c71bfd6ebfba0f351a081b?s=96&d=mm&r=g","caption":"Vil\u00e1 Abogados"},"url":"https:\/\/vila.es\/de\/author\/vilaes\/"}]}},"_links":{"self":[{"href":"https:\/\/vila.es\/de\/wp-json\/wp\/v2\/posts\/2309","targetHints":{"allow":["GET"]}}],"collection":[{"href":"https:\/\/vila.es\/de\/wp-json\/wp\/v2\/posts"}],"about":[{"href":"https:\/\/vila.es\/de\/wp-json\/wp\/v2\/types\/post"}],"author":[{"embeddable":true,"href":"https:\/\/vila.es\/de\/wp-json\/wp\/v2\/users\/4"}],"replies":[{"embeddable":true,"href":"https:\/\/vila.es\/de\/wp-json\/wp\/v2\/comments?post=2309"}],"version-history":[{"count":2,"href":"https:\/\/vila.es\/de\/wp-json\/wp\/v2\/posts\/2309\/revisions"}],"predecessor-version":[{"id":8770,"href":"https:\/\/vila.es\/de\/wp-json\/wp\/v2\/posts\/2309\/revisions\/8770"}],"wp:featuredmedia":[{"embeddable":true,"href":"https:\/\/vila.es\/de\/wp-json\/wp\/v2\/media\/4727"}],"wp:attachment":[{"href":"https:\/\/vila.es\/de\/wp-json\/wp\/v2\/media?parent=2309"}],"wp:term":[{"taxonomy":"category","embeddable":true,"href":"https:\/\/vila.es\/de\/wp-json\/wp\/v2\/categories?post=2309"},{"taxonomy":"post_tag","embeddable":true,"href":"https:\/\/vila.es\/de\/wp-json\/wp\/v2\/tags?post=2309"}],"curies":[{"name":"wp","href":"https:\/\/api.w.org\/{rel}","templated":true}]}}