{"id":1791,"date":"2015-06-12T13:39:38","date_gmt":"2015-06-12T13:39:38","guid":{"rendered":"https:\/\/vila.es\/de\/?p=1791"},"modified":"2021-02-17T12:25:22","modified_gmt":"2021-02-17T12:25:22","slug":"neue-zweifel-bezuglich-der-dauer-von-urheberrechten-spanien","status":"publish","type":"post","link":"https:\/\/vila.es\/de\/urheberrecht-und-gewerbliches-eigentum\/neue-zweifel-bezuglich-der-dauer-von-urheberrechten-spanien\/","title":{"rendered":"NEUE ZWEIFEL BEZ\u00dcGLICH DER DAUER VON URHEBERRECHTEN IN SPANIEN"},"content":{"rendered":"<p style=\"text-align: justify;\">Das spanische Urheberrechtsgesetz (\u201cUrhG\u201d) setzt f\u00fcr die Dauer der Urheberrechte fest, dass diese das Leben des Autors und 70 Jahre danach betr\u00e4gt (Art. 26). Es handelt sich um eine allgemeine Regel insbesondere bez\u00fcglich literarischen, artistischen und wissenschaftlichen Werken.<\/p>\n<p style=\"text-align: justify;\">Gleichwohl wird in einer j\u00fcngsten Entscheidung des spanischen Tribunal Supremo erkl\u00e4rt, dass diese Aussage nicht f\u00fcr Autoren, die vor 1987 verstorben sind (siehe \u00dcbergangsregelung 4. Des UrhG). In diesen F\u00e4lle betr\u00e4gt die Dauer das Leben des Autors und 80 Jahre danach, in Anwendung des vorigen UrhG von 1879.<\/p>\n<p style=\"text-align: justify;\">Konkret setzte das Urteil vom 13. April des Tribunal Supremo ein Ende f\u00fcr den Rechtsstreit zwischen den Erben von G.K Chesterton und dem spanischen Verlag Enokia, S.L.<\/p>\n<p style=\"text-align: justify;\">Die Erben des britischen Schriftstellers, durch die Stiftung The Royal Literary Fund, klagten auf Unterlassung der Kommerzialisierung der Werke des Autors seitens des Verlages, zumal in Anwendung des spanischen Urheberrechtsgesetzes von 1879 \u2013welches zum Zeitpunkt des Todes von Chesterton (1936) anzuwenden war- behauptet wurde, dass diese Werke noch nicht gemeinfrei sind. Enokia argumentierte hingegen, dass dies gegen Art. 8.7 der Berner \u00dcbereinkunft zum Schutz von Werken der Literatur und Kunst, welche erkl\u00e4rt, dass der Schutz eines Rechts \u201enicht der Dauer des Rechts im Ursprungsland des Werkes \u00fcberschreiten darf\u201c, versto\u00dfen w\u00fcrde, da in dem Vereinigten K\u00f6nigreich die Schutzdauer geringer ist, so dass die Werke bereits gemeinfrei sind.<\/p>\n<p style=\"text-align: justify;\">Das Gericht versteht jedoch, dass mit dem Beitritt Spaniens in die Europ\u00e4ische Gemeinschaft, Art. 8.7 der Berner \u00dcbereinkunft so auszulegen ist, dass der Grundsatz der Nichtdiskriminierung in der Europ\u00e4ischen Union respektiert wird. Diesbez\u00fcglich wird das Urteil des EuGH, Fall La Boh\u00e8me (C-360), erw\u00e4hnt, in dem die Anerkennung in Deutschland der Urheberrechte der bekannten Oper von Puccini, der 1924 verstarb, in Frage gesetzt wurde, da in dessen Ursprungsland (Italien) die Schutzdauer geringer war. Der EuGH erkl\u00e4rte, dass der Vertrag \u00fcber die Europ\u00e4ische Gemeinschaft ausschlie\u00dft, dass die Schutzdauer, die die Rechtsvorschriften eines Mitgliedstaats den Werken eines Urhebers eines anderen Mitgliedstaats gew\u00e4hren, geringer ist als die, die den Werken seiner eigenen Staatsangeh\u00f6rigen gew\u00e4hrt wird. Die Folge der Entscheidung des Tribunal Supremo ist, dass die Werke von Chesterton in Spanien noch gesch\u00fctzt werden, w\u00e4hrend diese im Vereinigten K\u00f6nigreich bereits seit mehreren Jahren gemeinfrei sind.<\/p>\n<p style=\"text-align: justify;\">Dies k\u00f6nnte ohne Zweifel den Weg frei machen f\u00fcr zuk\u00fcnftige Anspr\u00fcche von Erben von Autoren, die vor 1987 verstorben sind, da die Schutzdauer um 10 Jahre verl\u00e4ngert wird.<\/p>\n<p>&nbsp;<\/p>\n<p>&nbsp;<\/p>\n<p>Vil\u00e1 Abogados<\/p>\n<p>&nbsp;<\/p>\n<p style=\"text-align: justify;\">F\u00fcr weitere Informationen, kontaktieren Sie bitte:<\/p>\n<p style=\"text-align: justify;\"><a href=\"mailto:va@vila.es\"><span style=\"color: #3366ff;\">va@vila.es<\/span><\/a><\/p>\n<p>&nbsp;<\/p>\n<p style=\"text-align: justify;\">12. Juni 2015<\/p>\n","protected":false},"excerpt":{"rendered":"<p>Das spanische Urheberrechtsgesetz (\u201cUrhG\u201d) setzt f\u00fcr die Dauer der Urheberrechte fest, dass diese das Leben des Autors und 70 Jahre danach betr\u00e4gt (Art. 26). Es handelt sich um eine allgemeine Regel insbesondere bez\u00fcglich literarischen, artistischen und wissenschaftlichen Werken. Gleichwohl wird in einer j\u00fcngsten Entscheidung des spanischen Tribunal Supremo erkl\u00e4rt, dass diese Aussage nicht f\u00fcr Autoren,  [&#8230;]<\/p>\n","protected":false},"author":4,"featured_media":4723,"comment_status":"open","ping_status":"closed","sticky":false,"template":"","format":"standard","meta":{"footnotes":""},"categories":[93],"tags":[],"class_list":["post-1791","post","type-post","status-publish","format-standard","has-post-thumbnail","hentry","category-urheberrecht-und-gewerbliches-eigentum"],"yoast_head":"<!-- This site is optimized with the Yoast SEO plugin v27.1.1 - https:\/\/yoast.com\/product\/yoast-seo-wordpress\/ -->\n<title>NEUE ZWEIFEL BEZ\u00dcGLICH DER DAUER VON URHEBERRECHTEN IN SPANIEN - Vil\u00e1 Abogados<\/title>\n<meta name=\"robots\" content=\"index, follow, max-snippet:-1, max-image-preview:large, max-video-preview:-1\" \/>\n<link rel=\"canonical\" href=\"https:\/\/vila.es\/de\/urheberrecht-und-gewerbliches-eigentum\/neue-zweifel-bezuglich-der-dauer-von-urheberrechten-spanien\/\" \/>\n<meta property=\"og:locale\" content=\"de_DE\" \/>\n<meta property=\"og:type\" content=\"article\" \/>\n<meta property=\"og:title\" content=\"NEUE ZWEIFEL BEZ\u00dcGLICH DER DAUER VON URHEBERRECHTEN IN SPANIEN - Vil\u00e1 Abogados\" \/>\n<meta property=\"og:description\" content=\"Das spanische Urheberrechtsgesetz (\u201cUrhG\u201d) setzt f\u00fcr die Dauer der Urheberrechte fest, dass diese das Leben des Autors und 70 Jahre danach betr\u00e4gt (Art. 26). Es handelt sich um eine allgemeine Regel insbesondere bez\u00fcglich literarischen, artistischen und wissenschaftlichen Werken. Gleichwohl wird in einer j\u00fcngsten Entscheidung des spanischen Tribunal Supremo erkl\u00e4rt, dass diese Aussage nicht f\u00fcr Autoren, [...]\" \/>\n<meta property=\"og:url\" content=\"https:\/\/vila.es\/de\/urheberrecht-und-gewerbliches-eigentum\/neue-zweifel-bezuglich-der-dauer-von-urheberrechten-spanien\/\" \/>\n<meta property=\"og:site_name\" content=\"Vil\u00e1 Abogados\" \/>\n<meta property=\"article:published_time\" content=\"2015-06-12T13:39:38+00:00\" \/>\n<meta property=\"article:modified_time\" content=\"2021-02-17T12:25:22+00:00\" \/>\n<meta property=\"og:image\" content=\"https:\/\/vila.es\/wp-content\/uploads\/2020\/07\/propiedad-intelectual-e-industrial.jpg\" \/>\n\t<meta property=\"og:image:width\" content=\"669\" \/>\n\t<meta property=\"og:image:height\" content=\"272\" \/>\n\t<meta property=\"og:image:type\" content=\"image\/jpeg\" \/>\n<meta name=\"author\" content=\"Vil\u00e1 Abogados\" \/>\n<meta name=\"twitter:card\" content=\"summary_large_image\" \/>\n<meta name=\"twitter:label1\" content=\"Verfasst von\" \/>\n\t<meta name=\"twitter:data1\" content=\"Vil\u00e1 Abogados\" \/>\n\t<meta name=\"twitter:label2\" content=\"Gesch\u00e4tzte Lesezeit\" \/>\n\t<meta name=\"twitter:data2\" content=\"2\u00a0Minuten\" \/>\n<script type=\"application\/ld+json\" class=\"yoast-schema-graph\">{\"@context\":\"https:\/\/schema.org\",\"@graph\":[{\"@type\":\"Article\",\"@id\":\"https:\/\/vila.es\/de\/urheberrecht-und-gewerbliches-eigentum\/neue-zweifel-bezuglich-der-dauer-von-urheberrechten-spanien\/#article\",\"isPartOf\":{\"@id\":\"https:\/\/vila.es\/de\/urheberrecht-und-gewerbliches-eigentum\/neue-zweifel-bezuglich-der-dauer-von-urheberrechten-spanien\/\"},\"author\":{\"name\":\"Vil\u00e1 Abogados\",\"@id\":\"https:\/\/vila.es\/en\/#\/schema\/person\/1338568a83d16fbfd6073c8cc4834904\"},\"headline\":\"NEUE ZWEIFEL BEZ\u00dcGLICH DER DAUER VON URHEBERRECHTEN IN SPANIEN\",\"datePublished\":\"2015-06-12T13:39:38+00:00\",\"dateModified\":\"2021-02-17T12:25:22+00:00\",\"mainEntityOfPage\":{\"@id\":\"https:\/\/vila.es\/de\/urheberrecht-und-gewerbliches-eigentum\/neue-zweifel-bezuglich-der-dauer-von-urheberrechten-spanien\/\"},\"wordCount\":434,\"commentCount\":0,\"image\":{\"@id\":\"https:\/\/vila.es\/de\/urheberrecht-und-gewerbliches-eigentum\/neue-zweifel-bezuglich-der-dauer-von-urheberrechten-spanien\/#primaryimage\"},\"thumbnailUrl\":\"https:\/\/vila.es\/wp-content\/uploads\/2020\/07\/propiedad-intelectual-e-industrial.jpg\",\"articleSection\":[\"Urheberrecht und Gewerbliches Eigentum\"],\"inLanguage\":\"de\",\"potentialAction\":[{\"@type\":\"CommentAction\",\"name\":\"Comment\",\"target\":[\"https:\/\/vila.es\/de\/urheberrecht-und-gewerbliches-eigentum\/neue-zweifel-bezuglich-der-dauer-von-urheberrechten-spanien\/#respond\"]}]},{\"@type\":\"WebPage\",\"@id\":\"https:\/\/vila.es\/de\/urheberrecht-und-gewerbliches-eigentum\/neue-zweifel-bezuglich-der-dauer-von-urheberrechten-spanien\/\",\"url\":\"https:\/\/vila.es\/de\/urheberrecht-und-gewerbliches-eigentum\/neue-zweifel-bezuglich-der-dauer-von-urheberrechten-spanien\/\",\"name\":\"NEUE ZWEIFEL BEZ\u00dcGLICH DER DAUER VON URHEBERRECHTEN IN SPANIEN - Vil\u00e1 Abogados\",\"isPartOf\":{\"@id\":\"https:\/\/vila.es\/en\/#website\"},\"primaryImageOfPage\":{\"@id\":\"https:\/\/vila.es\/de\/urheberrecht-und-gewerbliches-eigentum\/neue-zweifel-bezuglich-der-dauer-von-urheberrechten-spanien\/#primaryimage\"},\"image\":{\"@id\":\"https:\/\/vila.es\/de\/urheberrecht-und-gewerbliches-eigentum\/neue-zweifel-bezuglich-der-dauer-von-urheberrechten-spanien\/#primaryimage\"},\"thumbnailUrl\":\"https:\/\/vila.es\/wp-content\/uploads\/2020\/07\/propiedad-intelectual-e-industrial.jpg\",\"datePublished\":\"2015-06-12T13:39:38+00:00\",\"dateModified\":\"2021-02-17T12:25:22+00:00\",\"author\":{\"@id\":\"https:\/\/vila.es\/en\/#\/schema\/person\/1338568a83d16fbfd6073c8cc4834904\"},\"breadcrumb\":{\"@id\":\"https:\/\/vila.es\/de\/urheberrecht-und-gewerbliches-eigentum\/neue-zweifel-bezuglich-der-dauer-von-urheberrechten-spanien\/#breadcrumb\"},\"inLanguage\":\"de\",\"potentialAction\":[{\"@type\":\"ReadAction\",\"target\":[\"https:\/\/vila.es\/de\/urheberrecht-und-gewerbliches-eigentum\/neue-zweifel-bezuglich-der-dauer-von-urheberrechten-spanien\/\"]}]},{\"@type\":\"ImageObject\",\"inLanguage\":\"de\",\"@id\":\"https:\/\/vila.es\/de\/urheberrecht-und-gewerbliches-eigentum\/neue-zweifel-bezuglich-der-dauer-von-urheberrechten-spanien\/#primaryimage\",\"url\":\"https:\/\/vila.es\/wp-content\/uploads\/2020\/07\/propiedad-intelectual-e-industrial.jpg\",\"contentUrl\":\"https:\/\/vila.es\/wp-content\/uploads\/2020\/07\/propiedad-intelectual-e-industrial.jpg\",\"width\":669,\"height\":272},{\"@type\":\"BreadcrumbList\",\"@id\":\"https:\/\/vila.es\/de\/urheberrecht-und-gewerbliches-eigentum\/neue-zweifel-bezuglich-der-dauer-von-urheberrechten-spanien\/#breadcrumb\",\"itemListElement\":[{\"@type\":\"ListItem\",\"position\":1,\"name\":\"Portada\",\"item\":\"https:\/\/vila.es\/de\/\"},{\"@type\":\"ListItem\",\"position\":2,\"name\":\"NEUE ZWEIFEL BEZ\u00dcGLICH DER DAUER VON URHEBERRECHTEN IN SPANIEN\"}]},{\"@type\":\"WebSite\",\"@id\":\"https:\/\/vila.es\/en\/#website\",\"url\":\"https:\/\/vila.es\/en\/\",\"name\":\"Vil\u00e1 Abogados\",\"description\":\"Damos soporte jur\u00eddico a proyectos e iniciativas de negocio de empresas y de emprendedores extranjeros y nacionales\",\"potentialAction\":[{\"@type\":\"SearchAction\",\"target\":{\"@type\":\"EntryPoint\",\"urlTemplate\":\"https:\/\/vila.es\/en\/?s={search_term_string}\"},\"query-input\":{\"@type\":\"PropertyValueSpecification\",\"valueRequired\":true,\"valueName\":\"search_term_string\"}}],\"inLanguage\":\"de\"},{\"@type\":\"Person\",\"@id\":\"https:\/\/vila.es\/en\/#\/schema\/person\/1338568a83d16fbfd6073c8cc4834904\",\"name\":\"Vil\u00e1 Abogados\",\"image\":{\"@type\":\"ImageObject\",\"inLanguage\":\"de\",\"@id\":\"https:\/\/vila.es\/en\/#\/schema\/person\/image\/\",\"url\":\"https:\/\/secure.gravatar.com\/avatar\/80372a28ffd84e8b62261dc710c686e32c574bf8a1c71bfd6ebfba0f351a081b?s=96&d=mm&r=g\",\"contentUrl\":\"https:\/\/secure.gravatar.com\/avatar\/80372a28ffd84e8b62261dc710c686e32c574bf8a1c71bfd6ebfba0f351a081b?s=96&d=mm&r=g\",\"caption\":\"Vil\u00e1 Abogados\"},\"url\":\"https:\/\/vila.es\/de\/author\/vilaes\/\"}]}<\/script>\n<!-- \/ Yoast SEO plugin. -->","yoast_head_json":{"title":"NEUE ZWEIFEL BEZ\u00dcGLICH DER DAUER VON URHEBERRECHTEN IN SPANIEN - Vil\u00e1 Abogados","robots":{"index":"index","follow":"follow","max-snippet":"max-snippet:-1","max-image-preview":"max-image-preview:large","max-video-preview":"max-video-preview:-1"},"canonical":"https:\/\/vila.es\/de\/urheberrecht-und-gewerbliches-eigentum\/neue-zweifel-bezuglich-der-dauer-von-urheberrechten-spanien\/","og_locale":"de_DE","og_type":"article","og_title":"NEUE ZWEIFEL BEZ\u00dcGLICH DER DAUER VON URHEBERRECHTEN IN SPANIEN - Vil\u00e1 Abogados","og_description":"Das spanische Urheberrechtsgesetz (\u201cUrhG\u201d) setzt f\u00fcr die Dauer der Urheberrechte fest, dass diese das Leben des Autors und 70 Jahre danach betr\u00e4gt (Art. 26). Es handelt sich um eine allgemeine Regel insbesondere bez\u00fcglich literarischen, artistischen und wissenschaftlichen Werken. Gleichwohl wird in einer j\u00fcngsten Entscheidung des spanischen Tribunal Supremo erkl\u00e4rt, dass diese Aussage nicht f\u00fcr Autoren, [...]","og_url":"https:\/\/vila.es\/de\/urheberrecht-und-gewerbliches-eigentum\/neue-zweifel-bezuglich-der-dauer-von-urheberrechten-spanien\/","og_site_name":"Vil\u00e1 Abogados","article_published_time":"2015-06-12T13:39:38+00:00","article_modified_time":"2021-02-17T12:25:22+00:00","og_image":[{"width":669,"height":272,"url":"https:\/\/vila.es\/wp-content\/uploads\/2020\/07\/propiedad-intelectual-e-industrial.jpg","type":"image\/jpeg"}],"author":"Vil\u00e1 Abogados","twitter_card":"summary_large_image","twitter_misc":{"Verfasst von":"Vil\u00e1 Abogados","Gesch\u00e4tzte Lesezeit":"2\u00a0Minuten"},"schema":{"@context":"https:\/\/schema.org","@graph":[{"@type":"Article","@id":"https:\/\/vila.es\/de\/urheberrecht-und-gewerbliches-eigentum\/neue-zweifel-bezuglich-der-dauer-von-urheberrechten-spanien\/#article","isPartOf":{"@id":"https:\/\/vila.es\/de\/urheberrecht-und-gewerbliches-eigentum\/neue-zweifel-bezuglich-der-dauer-von-urheberrechten-spanien\/"},"author":{"name":"Vil\u00e1 Abogados","@id":"https:\/\/vila.es\/en\/#\/schema\/person\/1338568a83d16fbfd6073c8cc4834904"},"headline":"NEUE ZWEIFEL BEZ\u00dcGLICH DER DAUER VON URHEBERRECHTEN IN SPANIEN","datePublished":"2015-06-12T13:39:38+00:00","dateModified":"2021-02-17T12:25:22+00:00","mainEntityOfPage":{"@id":"https:\/\/vila.es\/de\/urheberrecht-und-gewerbliches-eigentum\/neue-zweifel-bezuglich-der-dauer-von-urheberrechten-spanien\/"},"wordCount":434,"commentCount":0,"image":{"@id":"https:\/\/vila.es\/de\/urheberrecht-und-gewerbliches-eigentum\/neue-zweifel-bezuglich-der-dauer-von-urheberrechten-spanien\/#primaryimage"},"thumbnailUrl":"https:\/\/vila.es\/wp-content\/uploads\/2020\/07\/propiedad-intelectual-e-industrial.jpg","articleSection":["Urheberrecht und Gewerbliches Eigentum"],"inLanguage":"de","potentialAction":[{"@type":"CommentAction","name":"Comment","target":["https:\/\/vila.es\/de\/urheberrecht-und-gewerbliches-eigentum\/neue-zweifel-bezuglich-der-dauer-von-urheberrechten-spanien\/#respond"]}]},{"@type":"WebPage","@id":"https:\/\/vila.es\/de\/urheberrecht-und-gewerbliches-eigentum\/neue-zweifel-bezuglich-der-dauer-von-urheberrechten-spanien\/","url":"https:\/\/vila.es\/de\/urheberrecht-und-gewerbliches-eigentum\/neue-zweifel-bezuglich-der-dauer-von-urheberrechten-spanien\/","name":"NEUE ZWEIFEL BEZ\u00dcGLICH DER DAUER VON URHEBERRECHTEN IN SPANIEN - Vil\u00e1 Abogados","isPartOf":{"@id":"https:\/\/vila.es\/en\/#website"},"primaryImageOfPage":{"@id":"https:\/\/vila.es\/de\/urheberrecht-und-gewerbliches-eigentum\/neue-zweifel-bezuglich-der-dauer-von-urheberrechten-spanien\/#primaryimage"},"image":{"@id":"https:\/\/vila.es\/de\/urheberrecht-und-gewerbliches-eigentum\/neue-zweifel-bezuglich-der-dauer-von-urheberrechten-spanien\/#primaryimage"},"thumbnailUrl":"https:\/\/vila.es\/wp-content\/uploads\/2020\/07\/propiedad-intelectual-e-industrial.jpg","datePublished":"2015-06-12T13:39:38+00:00","dateModified":"2021-02-17T12:25:22+00:00","author":{"@id":"https:\/\/vila.es\/en\/#\/schema\/person\/1338568a83d16fbfd6073c8cc4834904"},"breadcrumb":{"@id":"https:\/\/vila.es\/de\/urheberrecht-und-gewerbliches-eigentum\/neue-zweifel-bezuglich-der-dauer-von-urheberrechten-spanien\/#breadcrumb"},"inLanguage":"de","potentialAction":[{"@type":"ReadAction","target":["https:\/\/vila.es\/de\/urheberrecht-und-gewerbliches-eigentum\/neue-zweifel-bezuglich-der-dauer-von-urheberrechten-spanien\/"]}]},{"@type":"ImageObject","inLanguage":"de","@id":"https:\/\/vila.es\/de\/urheberrecht-und-gewerbliches-eigentum\/neue-zweifel-bezuglich-der-dauer-von-urheberrechten-spanien\/#primaryimage","url":"https:\/\/vila.es\/wp-content\/uploads\/2020\/07\/propiedad-intelectual-e-industrial.jpg","contentUrl":"https:\/\/vila.es\/wp-content\/uploads\/2020\/07\/propiedad-intelectual-e-industrial.jpg","width":669,"height":272},{"@type":"BreadcrumbList","@id":"https:\/\/vila.es\/de\/urheberrecht-und-gewerbliches-eigentum\/neue-zweifel-bezuglich-der-dauer-von-urheberrechten-spanien\/#breadcrumb","itemListElement":[{"@type":"ListItem","position":1,"name":"Portada","item":"https:\/\/vila.es\/de\/"},{"@type":"ListItem","position":2,"name":"NEUE ZWEIFEL BEZ\u00dcGLICH DER DAUER VON URHEBERRECHTEN IN SPANIEN"}]},{"@type":"WebSite","@id":"https:\/\/vila.es\/en\/#website","url":"https:\/\/vila.es\/en\/","name":"Vil\u00e1 Abogados","description":"Damos soporte jur\u00eddico a proyectos e iniciativas de negocio de empresas y de emprendedores extranjeros y nacionales","potentialAction":[{"@type":"SearchAction","target":{"@type":"EntryPoint","urlTemplate":"https:\/\/vila.es\/en\/?s={search_term_string}"},"query-input":{"@type":"PropertyValueSpecification","valueRequired":true,"valueName":"search_term_string"}}],"inLanguage":"de"},{"@type":"Person","@id":"https:\/\/vila.es\/en\/#\/schema\/person\/1338568a83d16fbfd6073c8cc4834904","name":"Vil\u00e1 Abogados","image":{"@type":"ImageObject","inLanguage":"de","@id":"https:\/\/vila.es\/en\/#\/schema\/person\/image\/","url":"https:\/\/secure.gravatar.com\/avatar\/80372a28ffd84e8b62261dc710c686e32c574bf8a1c71bfd6ebfba0f351a081b?s=96&d=mm&r=g","contentUrl":"https:\/\/secure.gravatar.com\/avatar\/80372a28ffd84e8b62261dc710c686e32c574bf8a1c71bfd6ebfba0f351a081b?s=96&d=mm&r=g","caption":"Vil\u00e1 Abogados"},"url":"https:\/\/vila.es\/de\/author\/vilaes\/"}]}},"_links":{"self":[{"href":"https:\/\/vila.es\/de\/wp-json\/wp\/v2\/posts\/1791","targetHints":{"allow":["GET"]}}],"collection":[{"href":"https:\/\/vila.es\/de\/wp-json\/wp\/v2\/posts"}],"about":[{"href":"https:\/\/vila.es\/de\/wp-json\/wp\/v2\/types\/post"}],"author":[{"embeddable":true,"href":"https:\/\/vila.es\/de\/wp-json\/wp\/v2\/users\/4"}],"replies":[{"embeddable":true,"href":"https:\/\/vila.es\/de\/wp-json\/wp\/v2\/comments?post=1791"}],"version-history":[{"count":1,"href":"https:\/\/vila.es\/de\/wp-json\/wp\/v2\/posts\/1791\/revisions"}],"predecessor-version":[{"id":10248,"href":"https:\/\/vila.es\/de\/wp-json\/wp\/v2\/posts\/1791\/revisions\/10248"}],"wp:featuredmedia":[{"embeddable":true,"href":"https:\/\/vila.es\/de\/wp-json\/wp\/v2\/media\/4723"}],"wp:attachment":[{"href":"https:\/\/vila.es\/de\/wp-json\/wp\/v2\/media?parent=1791"}],"wp:term":[{"taxonomy":"category","embeddable":true,"href":"https:\/\/vila.es\/de\/wp-json\/wp\/v2\/categories?post=1791"},{"taxonomy":"post_tag","embeddable":true,"href":"https:\/\/vila.es\/de\/wp-json\/wp\/v2\/tags?post=1791"}],"curies":[{"name":"wp","href":"https:\/\/api.w.org\/{rel}","templated":true}]}}