{"id":1443,"date":"2012-06-22T02:31:07","date_gmt":"2012-06-22T02:31:07","guid":{"rendered":"https:\/\/vila.es\/de\/?p=1443"},"modified":"2012-06-22T02:31:07","modified_gmt":"2012-06-22T02:31:07","slug":"bis-zum-31-dezember-2014-wird-das-recht-der-trennung-des-mitglieder-wegen-keine-dividendenausschuttung-ausgesetzt","status":"publish","type":"post","link":"https:\/\/vila.es\/de\/uncategorized\/bis-zum-31-dezember-2014-wird-das-recht-der-trennung-des-mitglieder-wegen-keine-dividendenausschuttung-ausgesetzt\/","title":{"rendered":"BIS ZUM 31. DEZEMBER 2014 WIRD DAS RECHT DER TRENNUNG DES MITGLIEDER WEGEN KEINE DIVIDENDENAUSSCH\u00dcTTUNG AUSGESETZT"},"content":{"rendered":"<p style=\"font-weight: bold; color: #555555;\">I.- EINLEITUNG<\/p>\n<p>Am 14. Juni 2012 der Spanische Kongress stimmte das Gesetz f\u00fcr die Vereinfachung der Dokumentations- und Informationspflichten f\u00fcr \u00dcbernahme und Aufspaltung von Kapitalgesellschaften, mit allen die Ver\u00e4nderungen diew\u00e4hrend der Passage durch den Senat aufgenommen w\u00fcrden.<\/p>\n<p>Somit, wird in unser Rechtssystem durch die Reform des Kapitalgesellschaften Gesetzt (&#8222;LSC&#8220;) und das Gesetz \u00fcber strukturelle Ver\u00e4nderungen von Unternehmen, eine Reihe von EU-Richtlinien die auf die Vereinfachung der Kapitalgesellschaftenrecht ausgerichtet ist,\u00a0 vor allem um die Bedingungen der Verschmelzung und Spaltung von Gesellschaften zu vereinfachen, einbezogen. Ebenso das Gesetz beinhaltet auch die Zugabe einer \u00dcbergangsbestimmung in die LSC, die die Anwendung von Artikel 348 bis bis zum 31 Dezember 2014 ausgesetzt wird.<\/p>\n<p>II. &#8211; CONTENT OF ARTICLE 348 BIS OF CCA<\/p>\n<p>Since October 2, 2011 article 348 bis of CCA states that starting from the fifth fiscal year, as from the time of registration of the company with the Companies Registry, the partner who voted in favour of the distribution of company profits shall have the right to exit the company if the general partner\u2019s meeting does not agree the distribution as a dividend, of at least a third of the profits obtained during the previous fiscal year derived from the operation of the corporate purpose, provided that said profits are legally distributable.<\/p>\n<p>For more information on the content of article 348 bis of CCA please\u00a0<a style=\"color: #2b5596;\" href=\"https:\/\/vila.es\/index.php?option=com_content&amp;view=article&amp;id=70:la-distribucion-de-dividendos-y-el-derecho-de-separacion-de-los-socios-&amp;catid=5:destacados-articulos&amp;Itemid=216&amp;lang=de\" target=\"_blank\" rel=\"noopener noreferrer\">click here<\/a>.<\/p>\n<p>III. &#8211; CONCLUSION<\/p>\n<p>The suspension of the article in question is a response to an amendment made by the Catalan Parliamentary Group (Converg\u00e8ncia I Uni\u00f3) on the grounds of a Green Paper published by said Parliamentary Group and unanimously passed by the Congress\u2019 Finance and Competitivity Commission on March 14, 2012. This urged the Government to \u201cto study and boost, within the framework of the new Commercial Code that is being developed by the Ministry of Justice, the necessary legislative measures to be introduced into the Capital Companies Act in order to, without prejudice to the right of exit and the right of distribution of legally distributable dividends arising from the operation of the corporate object which assists minority shareholders, avoid that unlisted companies may fall into difficult financial situations.\u201d<\/p>\n<p>Consequently, the suspension of article 348 bis of the CCA responds to the attempt to buy time until the development and approval of the new Commercial Code, which shall also deal with this corporate phenomenon of distribution of dividends to minority shareholders.<\/p>\n<p style=\"font-weight: bold; color: #555555;\">F\u00fcr weitere Informationen, kontaktieren Sie:<br \/>\n<a style=\"color: #2b5596;\" href=\"https:\/\/vila.es\/index.php?option=com_content&amp;view=article&amp;id=43&amp;Itemid=174&amp;lang=de\" target=\"_blank\" rel=\"noopener noreferrer\"><br \/>\n<\/a>Ramon MA\u00d1\u00c1:\u00a0<a style=\"color: #2b5596;\" href=\"mailto:rmt@vila.es\">rmt@vila.es<\/a><\/p>\n<p style=\"font-weight: bold; color: #555555;\">22.06.2012<\/p>\n","protected":false},"excerpt":{"rendered":"<p>I.- EINLEITUNG Am 14. Juni 2012 der Spanische Kongress stimmte das Gesetz f\u00fcr die Vereinfachung der Dokumentations- und Informationspflichten f\u00fcr \u00dcbernahme und Aufspaltung von Kapitalgesellschaften, mit allen die Ver\u00e4nderungen diew\u00e4hrend der Passage durch den Senat aufgenommen w\u00fcrden. Somit, wird in unser Rechtssystem durch die Reform des Kapitalgesellschaften Gesetzt (&#8222;LSC&#8220;) und das Gesetz \u00fcber strukturelle Ver\u00e4nderungen  [&#8230;]<\/p>\n","protected":false},"author":4,"featured_media":0,"comment_status":"open","ping_status":"closed","sticky":false,"template":"","format":"standard","meta":{"footnotes":""},"categories":[46],"tags":[],"class_list":["post-1443","post","type-post","status-publish","format-standard","hentry","category-uncategorized"],"yoast_head":"<!-- This site is optimized with the Yoast SEO plugin v27.1.1 - https:\/\/yoast.com\/product\/yoast-seo-wordpress\/ -->\n<title>BIS ZUM 31. DEZEMBER 2014 WIRD DAS RECHT DER TRENNUNG DES MITGLIEDER WEGEN KEINE DIVIDENDENAUSSCH\u00dcTTUNG AUSGESETZT - Vil\u00e1 Abogados<\/title>\n<meta name=\"robots\" content=\"index, follow, max-snippet:-1, max-image-preview:large, max-video-preview:-1\" \/>\n<link rel=\"canonical\" href=\"https:\/\/vila.es\/de\/unkategorisiert\/bis-zum-31-dezember-2014-wird-das-recht-der-trennung-des-mitglieder-wegen-keine-dividendenausschuttung-ausgesetzt\/\" \/>\n<meta property=\"og:locale\" content=\"de_DE\" \/>\n<meta property=\"og:type\" content=\"article\" \/>\n<meta property=\"og:title\" content=\"BIS ZUM 31. DEZEMBER 2014 WIRD DAS RECHT DER TRENNUNG DES MITGLIEDER WEGEN KEINE DIVIDENDENAUSSCH\u00dcTTUNG AUSGESETZT - Vil\u00e1 Abogados\" \/>\n<meta property=\"og:description\" content=\"I.- EINLEITUNG Am 14. Juni 2012 der Spanische Kongress stimmte das Gesetz f\u00fcr die Vereinfachung der Dokumentations- und Informationspflichten f\u00fcr \u00dcbernahme und Aufspaltung von Kapitalgesellschaften, mit allen die Ver\u00e4nderungen diew\u00e4hrend der Passage durch den Senat aufgenommen w\u00fcrden. Somit, wird in unser Rechtssystem durch die Reform des Kapitalgesellschaften Gesetzt (&#8222;LSC&#8220;) und das Gesetz \u00fcber strukturelle Ver\u00e4nderungen [...]\" \/>\n<meta property=\"og:url\" content=\"https:\/\/vila.es\/de\/unkategorisiert\/bis-zum-31-dezember-2014-wird-das-recht-der-trennung-des-mitglieder-wegen-keine-dividendenausschuttung-ausgesetzt\/\" \/>\n<meta property=\"og:site_name\" content=\"Vil\u00e1 Abogados\" \/>\n<meta property=\"article:published_time\" content=\"2012-06-22T02:31:07+00:00\" \/>\n<meta name=\"author\" content=\"Vil\u00e1 Abogados\" \/>\n<meta name=\"twitter:card\" content=\"summary_large_image\" \/>\n<meta name=\"twitter:label1\" content=\"Verfasst von\" \/>\n\t<meta name=\"twitter:data1\" content=\"Vil\u00e1 Abogados\" \/>\n\t<meta name=\"twitter:label2\" content=\"Gesch\u00e4tzte Lesezeit\" \/>\n\t<meta name=\"twitter:data2\" content=\"2\u00a0Minuten\" \/>\n<script type=\"application\/ld+json\" class=\"yoast-schema-graph\">{\"@context\":\"https:\/\/schema.org\",\"@graph\":[{\"@type\":\"Article\",\"@id\":\"https:\/\/vila.es\/de\/unkategorisiert\/bis-zum-31-dezember-2014-wird-das-recht-der-trennung-des-mitglieder-wegen-keine-dividendenausschuttung-ausgesetzt\/#article\",\"isPartOf\":{\"@id\":\"https:\/\/vila.es\/de\/unkategorisiert\/bis-zum-31-dezember-2014-wird-das-recht-der-trennung-des-mitglieder-wegen-keine-dividendenausschuttung-ausgesetzt\/\"},\"author\":{\"name\":\"Vil\u00e1 Abogados\",\"@id\":\"https:\/\/vila.es\/en\/#\/schema\/person\/1338568a83d16fbfd6073c8cc4834904\"},\"headline\":\"BIS ZUM 31. DEZEMBER 2014 WIRD DAS RECHT DER TRENNUNG DES MITGLIEDER WEGEN KEINE DIVIDENDENAUSSCH\u00dcTTUNG AUSGESETZT\",\"datePublished\":\"2012-06-22T02:31:07+00:00\",\"mainEntityOfPage\":{\"@id\":\"https:\/\/vila.es\/de\/unkategorisiert\/bis-zum-31-dezember-2014-wird-das-recht-der-trennung-des-mitglieder-wegen-keine-dividendenausschuttung-ausgesetzt\/\"},\"wordCount\":419,\"commentCount\":0,\"articleSection\":[\"Uncategorised\"],\"inLanguage\":\"de\",\"potentialAction\":[{\"@type\":\"CommentAction\",\"name\":\"Comment\",\"target\":[\"https:\/\/vila.es\/de\/unkategorisiert\/bis-zum-31-dezember-2014-wird-das-recht-der-trennung-des-mitglieder-wegen-keine-dividendenausschuttung-ausgesetzt\/#respond\"]}]},{\"@type\":\"WebPage\",\"@id\":\"https:\/\/vila.es\/de\/unkategorisiert\/bis-zum-31-dezember-2014-wird-das-recht-der-trennung-des-mitglieder-wegen-keine-dividendenausschuttung-ausgesetzt\/\",\"url\":\"https:\/\/vila.es\/de\/unkategorisiert\/bis-zum-31-dezember-2014-wird-das-recht-der-trennung-des-mitglieder-wegen-keine-dividendenausschuttung-ausgesetzt\/\",\"name\":\"BIS ZUM 31. DEZEMBER 2014 WIRD DAS RECHT DER TRENNUNG DES MITGLIEDER WEGEN KEINE DIVIDENDENAUSSCH\u00dcTTUNG AUSGESETZT - Vil\u00e1 Abogados\",\"isPartOf\":{\"@id\":\"https:\/\/vila.es\/en\/#website\"},\"datePublished\":\"2012-06-22T02:31:07+00:00\",\"author\":{\"@id\":\"https:\/\/vila.es\/en\/#\/schema\/person\/1338568a83d16fbfd6073c8cc4834904\"},\"breadcrumb\":{\"@id\":\"https:\/\/vila.es\/de\/unkategorisiert\/bis-zum-31-dezember-2014-wird-das-recht-der-trennung-des-mitglieder-wegen-keine-dividendenausschuttung-ausgesetzt\/#breadcrumb\"},\"inLanguage\":\"de\",\"potentialAction\":[{\"@type\":\"ReadAction\",\"target\":[\"https:\/\/vila.es\/de\/unkategorisiert\/bis-zum-31-dezember-2014-wird-das-recht-der-trennung-des-mitglieder-wegen-keine-dividendenausschuttung-ausgesetzt\/\"]}]},{\"@type\":\"BreadcrumbList\",\"@id\":\"https:\/\/vila.es\/de\/unkategorisiert\/bis-zum-31-dezember-2014-wird-das-recht-der-trennung-des-mitglieder-wegen-keine-dividendenausschuttung-ausgesetzt\/#breadcrumb\",\"itemListElement\":[{\"@type\":\"ListItem\",\"position\":1,\"name\":\"Portada\",\"item\":\"https:\/\/vila.es\/de\/\"},{\"@type\":\"ListItem\",\"position\":2,\"name\":\"BIS ZUM 31. DEZEMBER 2014 WIRD DAS RECHT DER TRENNUNG DES MITGLIEDER WEGEN KEINE DIVIDENDENAUSSCH\u00dcTTUNG AUSGESETZT\"}]},{\"@type\":\"WebSite\",\"@id\":\"https:\/\/vila.es\/en\/#website\",\"url\":\"https:\/\/vila.es\/en\/\",\"name\":\"Vil\u00e1 Abogados\",\"description\":\"Damos soporte jur\u00eddico a proyectos e iniciativas de negocio de empresas y de emprendedores extranjeros y nacionales\",\"potentialAction\":[{\"@type\":\"SearchAction\",\"target\":{\"@type\":\"EntryPoint\",\"urlTemplate\":\"https:\/\/vila.es\/en\/?s={search_term_string}\"},\"query-input\":{\"@type\":\"PropertyValueSpecification\",\"valueRequired\":true,\"valueName\":\"search_term_string\"}}],\"inLanguage\":\"de\"},{\"@type\":\"Person\",\"@id\":\"https:\/\/vila.es\/en\/#\/schema\/person\/1338568a83d16fbfd6073c8cc4834904\",\"name\":\"Vil\u00e1 Abogados\",\"image\":{\"@type\":\"ImageObject\",\"inLanguage\":\"de\",\"@id\":\"https:\/\/vila.es\/en\/#\/schema\/person\/image\/\",\"url\":\"https:\/\/secure.gravatar.com\/avatar\/80372a28ffd84e8b62261dc710c686e32c574bf8a1c71bfd6ebfba0f351a081b?s=96&d=mm&r=g\",\"contentUrl\":\"https:\/\/secure.gravatar.com\/avatar\/80372a28ffd84e8b62261dc710c686e32c574bf8a1c71bfd6ebfba0f351a081b?s=96&d=mm&r=g\",\"caption\":\"Vil\u00e1 Abogados\"},\"url\":\"https:\/\/vila.es\/de\/author\/vilaes\/\"}]}<\/script>\n<!-- \/ Yoast SEO plugin. -->","yoast_head_json":{"title":"BIS ZUM 31. DEZEMBER 2014 WIRD DAS RECHT DER TRENNUNG DES MITGLIEDER WEGEN KEINE DIVIDENDENAUSSCH\u00dcTTUNG AUSGESETZT - Vil\u00e1 Abogados","robots":{"index":"index","follow":"follow","max-snippet":"max-snippet:-1","max-image-preview":"max-image-preview:large","max-video-preview":"max-video-preview:-1"},"canonical":"https:\/\/vila.es\/de\/unkategorisiert\/bis-zum-31-dezember-2014-wird-das-recht-der-trennung-des-mitglieder-wegen-keine-dividendenausschuttung-ausgesetzt\/","og_locale":"de_DE","og_type":"article","og_title":"BIS ZUM 31. DEZEMBER 2014 WIRD DAS RECHT DER TRENNUNG DES MITGLIEDER WEGEN KEINE DIVIDENDENAUSSCH\u00dcTTUNG AUSGESETZT - Vil\u00e1 Abogados","og_description":"I.- EINLEITUNG Am 14. Juni 2012 der Spanische Kongress stimmte das Gesetz f\u00fcr die Vereinfachung der Dokumentations- und Informationspflichten f\u00fcr \u00dcbernahme und Aufspaltung von Kapitalgesellschaften, mit allen die Ver\u00e4nderungen diew\u00e4hrend der Passage durch den Senat aufgenommen w\u00fcrden. Somit, wird in unser Rechtssystem durch die Reform des Kapitalgesellschaften Gesetzt (&#8222;LSC&#8220;) und das Gesetz \u00fcber strukturelle Ver\u00e4nderungen [...]","og_url":"https:\/\/vila.es\/de\/unkategorisiert\/bis-zum-31-dezember-2014-wird-das-recht-der-trennung-des-mitglieder-wegen-keine-dividendenausschuttung-ausgesetzt\/","og_site_name":"Vil\u00e1 Abogados","article_published_time":"2012-06-22T02:31:07+00:00","author":"Vil\u00e1 Abogados","twitter_card":"summary_large_image","twitter_misc":{"Verfasst von":"Vil\u00e1 Abogados","Gesch\u00e4tzte Lesezeit":"2\u00a0Minuten"},"schema":{"@context":"https:\/\/schema.org","@graph":[{"@type":"Article","@id":"https:\/\/vila.es\/de\/unkategorisiert\/bis-zum-31-dezember-2014-wird-das-recht-der-trennung-des-mitglieder-wegen-keine-dividendenausschuttung-ausgesetzt\/#article","isPartOf":{"@id":"https:\/\/vila.es\/de\/unkategorisiert\/bis-zum-31-dezember-2014-wird-das-recht-der-trennung-des-mitglieder-wegen-keine-dividendenausschuttung-ausgesetzt\/"},"author":{"name":"Vil\u00e1 Abogados","@id":"https:\/\/vila.es\/en\/#\/schema\/person\/1338568a83d16fbfd6073c8cc4834904"},"headline":"BIS ZUM 31. DEZEMBER 2014 WIRD DAS RECHT DER TRENNUNG DES MITGLIEDER WEGEN KEINE DIVIDENDENAUSSCH\u00dcTTUNG AUSGESETZT","datePublished":"2012-06-22T02:31:07+00:00","mainEntityOfPage":{"@id":"https:\/\/vila.es\/de\/unkategorisiert\/bis-zum-31-dezember-2014-wird-das-recht-der-trennung-des-mitglieder-wegen-keine-dividendenausschuttung-ausgesetzt\/"},"wordCount":419,"commentCount":0,"articleSection":["Uncategorised"],"inLanguage":"de","potentialAction":[{"@type":"CommentAction","name":"Comment","target":["https:\/\/vila.es\/de\/unkategorisiert\/bis-zum-31-dezember-2014-wird-das-recht-der-trennung-des-mitglieder-wegen-keine-dividendenausschuttung-ausgesetzt\/#respond"]}]},{"@type":"WebPage","@id":"https:\/\/vila.es\/de\/unkategorisiert\/bis-zum-31-dezember-2014-wird-das-recht-der-trennung-des-mitglieder-wegen-keine-dividendenausschuttung-ausgesetzt\/","url":"https:\/\/vila.es\/de\/unkategorisiert\/bis-zum-31-dezember-2014-wird-das-recht-der-trennung-des-mitglieder-wegen-keine-dividendenausschuttung-ausgesetzt\/","name":"BIS ZUM 31. DEZEMBER 2014 WIRD DAS RECHT DER TRENNUNG DES MITGLIEDER WEGEN KEINE DIVIDENDENAUSSCH\u00dcTTUNG AUSGESETZT - Vil\u00e1 Abogados","isPartOf":{"@id":"https:\/\/vila.es\/en\/#website"},"datePublished":"2012-06-22T02:31:07+00:00","author":{"@id":"https:\/\/vila.es\/en\/#\/schema\/person\/1338568a83d16fbfd6073c8cc4834904"},"breadcrumb":{"@id":"https:\/\/vila.es\/de\/unkategorisiert\/bis-zum-31-dezember-2014-wird-das-recht-der-trennung-des-mitglieder-wegen-keine-dividendenausschuttung-ausgesetzt\/#breadcrumb"},"inLanguage":"de","potentialAction":[{"@type":"ReadAction","target":["https:\/\/vila.es\/de\/unkategorisiert\/bis-zum-31-dezember-2014-wird-das-recht-der-trennung-des-mitglieder-wegen-keine-dividendenausschuttung-ausgesetzt\/"]}]},{"@type":"BreadcrumbList","@id":"https:\/\/vila.es\/de\/unkategorisiert\/bis-zum-31-dezember-2014-wird-das-recht-der-trennung-des-mitglieder-wegen-keine-dividendenausschuttung-ausgesetzt\/#breadcrumb","itemListElement":[{"@type":"ListItem","position":1,"name":"Portada","item":"https:\/\/vila.es\/de\/"},{"@type":"ListItem","position":2,"name":"BIS ZUM 31. DEZEMBER 2014 WIRD DAS RECHT DER TRENNUNG DES MITGLIEDER WEGEN KEINE DIVIDENDENAUSSCH\u00dcTTUNG AUSGESETZT"}]},{"@type":"WebSite","@id":"https:\/\/vila.es\/en\/#website","url":"https:\/\/vila.es\/en\/","name":"Vil\u00e1 Abogados","description":"Damos soporte jur\u00eddico a proyectos e iniciativas de negocio de empresas y de emprendedores extranjeros y nacionales","potentialAction":[{"@type":"SearchAction","target":{"@type":"EntryPoint","urlTemplate":"https:\/\/vila.es\/en\/?s={search_term_string}"},"query-input":{"@type":"PropertyValueSpecification","valueRequired":true,"valueName":"search_term_string"}}],"inLanguage":"de"},{"@type":"Person","@id":"https:\/\/vila.es\/en\/#\/schema\/person\/1338568a83d16fbfd6073c8cc4834904","name":"Vil\u00e1 Abogados","image":{"@type":"ImageObject","inLanguage":"de","@id":"https:\/\/vila.es\/en\/#\/schema\/person\/image\/","url":"https:\/\/secure.gravatar.com\/avatar\/80372a28ffd84e8b62261dc710c686e32c574bf8a1c71bfd6ebfba0f351a081b?s=96&d=mm&r=g","contentUrl":"https:\/\/secure.gravatar.com\/avatar\/80372a28ffd84e8b62261dc710c686e32c574bf8a1c71bfd6ebfba0f351a081b?s=96&d=mm&r=g","caption":"Vil\u00e1 Abogados"},"url":"https:\/\/vila.es\/de\/author\/vilaes\/"}]}},"_links":{"self":[{"href":"https:\/\/vila.es\/de\/wp-json\/wp\/v2\/posts\/1443","targetHints":{"allow":["GET"]}}],"collection":[{"href":"https:\/\/vila.es\/de\/wp-json\/wp\/v2\/posts"}],"about":[{"href":"https:\/\/vila.es\/de\/wp-json\/wp\/v2\/types\/post"}],"author":[{"embeddable":true,"href":"https:\/\/vila.es\/de\/wp-json\/wp\/v2\/users\/4"}],"replies":[{"embeddable":true,"href":"https:\/\/vila.es\/de\/wp-json\/wp\/v2\/comments?post=1443"}],"version-history":[{"count":0,"href":"https:\/\/vila.es\/de\/wp-json\/wp\/v2\/posts\/1443\/revisions"}],"wp:attachment":[{"href":"https:\/\/vila.es\/de\/wp-json\/wp\/v2\/media?parent=1443"}],"wp:term":[{"taxonomy":"category","embeddable":true,"href":"https:\/\/vila.es\/de\/wp-json\/wp\/v2\/categories?post=1443"},{"taxonomy":"post_tag","embeddable":true,"href":"https:\/\/vila.es\/de\/wp-json\/wp\/v2\/tags?post=1443"}],"curies":[{"name":"wp","href":"https:\/\/api.w.org\/{rel}","templated":true}]}}