{"id":1419,"date":"2012-02-28T02:17:12","date_gmt":"2012-02-28T02:17:12","guid":{"rendered":"https:\/\/vila.es\/de\/?p=1419"},"modified":"2012-02-28T02:17:12","modified_gmt":"2012-02-28T02:17:12","slug":"spanair-freiwilligen-konkurs-vs-notwendigen-konkurs","status":"publish","type":"post","link":"https:\/\/vila.es\/de\/uncategorized\/spanair-freiwilligen-konkurs-vs-notwendigen-konkurs\/","title":{"rendered":"SPANAIR: FREIWILLIGEN KONKURS VS NOTWENDIGEN KONKURS"},"content":{"rendered":"<p style=\"font-weight: bold; color: #555555;\">I. Einleitung<\/p>\n<p style=\"font-weight: bold; color: #555555;\">Am vergangenen Freitag, 27. Januar stornierte die spanische Fluggesellschaft Spanair alle ihre Fl\u00fcge und bekundete ihr Absicht, einen freiwilligen Konkurs am Montag, 30. Januar zu beantragen. Nach anf\u00e4nglicher Unsicherheit, bekundete die SEPLA (die spanische Pilotengewerkschaft), dass sie einen notwendigen Konkurs beantragen w\u00fcrde, und versuchte damit die Gesch\u00e4ftsf\u00fchrer von Spanair zuvorkommen.<\/p>\n<p style=\"font-weight: bold; color: #555555;\">Am 1. Februar wurde den freiwilligen ordin\u00e4ren &#8222;von besonderer Bedeutung&#8220; \u00a0Konkurs von Spanair zugelassen, mit \u00fcber 3000 Gl\u00e4ubigern, unter denen sich die eigenen Aktion\u00e4re der Gesellschaft, in H\u00f6he von \u20ac 260.000.000, sowie Lieferanten, mit insgesamt 214.000.000 \u20ac, befinden. Die gesamte Passiva von Spanair betr\u00e4gt schlie\u00dflich ca. 474 Millionen \u20ac. Auf dem Arbeitsbereich, hat die Fluggesellschaft ein ERE (Verfahren bei Massenentlassung) f\u00fcr alle 2.065 Arbeitnehmer beantragt.<\/p>\n<p style=\"font-weight: bold; color: #555555;\">On February 1st the request for voluntary insolvency proceedings of &#8222;special importance&#8220; of Spanair with more than 3000 creditors was admitted, among which were \u00a0shareholders of amounts equivalent to \u20ac 260 million, as well as suppliers owed a total \u20ac 214 million. The total liabilities of Spanair amount to 474 million \u20ac. On the labour front, the airline submitted an extinguishment dossier for a labour force adjustment plan (ERE) for Spanair employees, a total of 2,065 workers.<\/p>\n<p style=\"font-weight: bold; color: #555555;\">II. \u00a0The importance of the voluntary insolvency proceedings<\/p>\n<p style=\"font-weight: bold; color: #555555;\">The announcement of SEPLA caused obvious concern to the management of Spanair since in the case that the compulsory insolvency proceedings filed by SEPLA were admitted, the latter would take the lead in the whole process, and not the Spanair management, whose powers would be suspended, and would therefore be removed from the management of the airline.<\/p>\n<p style=\"font-weight: bold; color: #555555;\">Apart from the above, there are notable differences between compulsory and voluntary insolvency proceedings which shall be analysed below.<\/p>\n<p style=\"font-weight: bold; color: #555555;\">Voluntary Insolvency<\/p>\n<p style=\"font-weight: bold; color: #555555;\">When a company files for voluntary insolvency proceedings within two months from the date upon which it knew of or should have known about its state of insolvency, the management thereof, with their powers intervened, continues to exercise executive functions and manage company assets. In this sense, the debtor exposed to an intervention, retains its decision-making faculties and, in general, the initiative for managing the business.<\/p>\n<p style=\"font-weight: bold; color: #555555;\">Compulsory insolvency<\/p>\n<p style=\"font-weight: bold; color: #555555;\">However, if compulsory insolvency is filed, the faculties of the administration organ of the debtor are suspended and it is removed from the management of the insolvency proceedings, which is assigned to the receivers. Likewise, the creditor who applies for compulsory insolvency proceedings receives a number of advantages over other creditors. The law, in order to promote the declaration of compulsory insolvency proceedings, favours the applicant by prioritising up to 50% of its credit. This is perhaps the main reason for the request of SEPLA. The creditor filing the application for compulsory insolvency proceedings, shall not have acquired the credits through \u201cinter vivos\u201d acts, after maturity, during the six month period prior to filing.<\/p>\n<p style=\"font-weight: bold; color: #555555;\">In this sense, the creditor who applies for the insolvency proceedings shall state the title or deed upon which it bases its request, in accordance with Article 2.4 of the Insolvency Act, namely, non-payment by the debtor of:<\/p>\n<p style=\"font-weight: bold; color: #555555;\">\u2022 tax obligations payable during the three months preceding the application for insolvency proceedings;<\/p>\n<p style=\"font-weight: bold; color: #555555;\">\u2022 Social Security contributions and other joint collection concepts during the same period;<\/p>\n<p style=\"font-weight: bold; color: #555555;\">\u2022 wages and indemnifications and other benefits arising from labour relations corresponding to the last three monthly payments,<\/p>\n<p style=\"font-weight: bold; color: #555555;\">and the origin, nature, amount, dates of acquisition and expiration, as well as the current credit situation, and shall attach documentary proof thereto.<\/p>\n<p style=\"font-weight: bold; color: #555555;\">III. Judicial decision<\/p>\n<p style=\"font-weight: bold; color: #555555;\">The fact of having filed both applications on the same day, January 30th 2012, gave rise to the problem of establishing which of the two applications had been filed first, and consequently, applying the principle of<\/p>\n<p style=\"font-weight: bold; color: #555555;\">\u201cprior in tempore potior in iure &#8211; He who is before in time, is preferred in right\u201d in order to determine which application should be admitted.<\/p>\n<p style=\"font-weight: bold; color: #555555;\">By means of a court resolution dated \u00a0February 1st 2012 the Judge of the Commercial Court number 10 of Barcelona, Mr. Juan Manuel de Castro Aragon\u00e9s, based his competence for adopting the decision in the application of the analogy of article 422 of such a formalistic rule as the Mortgage Regulation which establishes that \u201cwhen two credits filed at the same time relating to a single property are contradictory [&#8211;] the Courts shall decide which shall be given preference\u201d.<\/p>\n<p style=\"font-weight: bold; color: #555555;\">In this sense the judge understood that the voluntary insolvency application should be admitted given that the petition of SEPLA, filed only a few minutes before the voluntary bankruptcy proceedings respond only to the \u201cevident and abusive\u201d intentions of obtaining privileged status for its credit against creditors of the same class. Likewise, it suffered from obvious formal defects, unlike the voluntary insolvency application of Spanair.<\/p>\n<p style=\"font-weight: bold; color: #555555;\">Finally the judge affirmed that the principle \u201cpro operario \u2013 in favour of the worker\u201d should be taken into consideration in the sense that the processing of the compulsory insolvency proceedings would hamper a quick agreement for the dismissal of employees, already filed for, with the evident lack of protection of the employees of the airline, whose expectations for a rapid solution and a successful reallocation would be failed.<\/p>\n<div style=\"font-weight: bold; color: #555555;\"><\/div>\n<div style=\"font-weight: bold; color: #555555;\">F\u00fcr weitere informationen, kotaktieren Sie:<\/div>\n<div style=\"font-weight: bold; color: #555555;\"><\/div>\n<div style=\"font-weight: bold; color: #555555;\">info@vila.es<\/div>\n<div style=\"font-weight: bold; color: #555555;\"><\/div>\n<div style=\"font-weight: bold; color: #555555;\">28.02.2012<\/div>\n","protected":false},"excerpt":{"rendered":"<p>I. Einleitung Am vergangenen Freitag, 27. Januar stornierte die spanische Fluggesellschaft Spanair alle ihre Fl\u00fcge und bekundete ihr Absicht, einen freiwilligen Konkurs am Montag, 30. Januar zu beantragen. Nach anf\u00e4nglicher Unsicherheit, bekundete die SEPLA (die spanische Pilotengewerkschaft), dass sie einen notwendigen Konkurs beantragen w\u00fcrde, und versuchte damit die Gesch\u00e4ftsf\u00fchrer von Spanair zuvorkommen. Am 1. Februar  [&#8230;]<\/p>\n","protected":false},"author":4,"featured_media":0,"comment_status":"open","ping_status":"closed","sticky":false,"template":"","format":"standard","meta":{"footnotes":""},"categories":[46],"tags":[],"class_list":["post-1419","post","type-post","status-publish","format-standard","hentry","category-uncategorized"],"yoast_head":"<!-- This site is optimized with the Yoast SEO plugin v27.1.1 - https:\/\/yoast.com\/product\/yoast-seo-wordpress\/ -->\n<title>SPANAIR: FREIWILLIGEN KONKURS VS NOTWENDIGEN KONKURS - Vil\u00e1 Abogados<\/title>\n<meta name=\"robots\" content=\"index, follow, max-snippet:-1, max-image-preview:large, max-video-preview:-1\" \/>\n<link rel=\"canonical\" href=\"https:\/\/vila.es\/de\/unkategorisiert\/spanair-freiwilligen-konkurs-vs-notwendigen-konkurs\/\" \/>\n<meta property=\"og:locale\" content=\"de_DE\" \/>\n<meta property=\"og:type\" content=\"article\" \/>\n<meta property=\"og:title\" content=\"SPANAIR: FREIWILLIGEN KONKURS VS NOTWENDIGEN KONKURS - Vil\u00e1 Abogados\" \/>\n<meta property=\"og:description\" content=\"I. Einleitung Am vergangenen Freitag, 27. Januar stornierte die spanische Fluggesellschaft Spanair alle ihre Fl\u00fcge und bekundete ihr Absicht, einen freiwilligen Konkurs am Montag, 30. Januar zu beantragen. Nach anf\u00e4nglicher Unsicherheit, bekundete die SEPLA (die spanische Pilotengewerkschaft), dass sie einen notwendigen Konkurs beantragen w\u00fcrde, und versuchte damit die Gesch\u00e4ftsf\u00fchrer von Spanair zuvorkommen. Am 1. Februar [...]\" \/>\n<meta property=\"og:url\" content=\"https:\/\/vila.es\/de\/unkategorisiert\/spanair-freiwilligen-konkurs-vs-notwendigen-konkurs\/\" \/>\n<meta property=\"og:site_name\" content=\"Vil\u00e1 Abogados\" \/>\n<meta property=\"article:published_time\" content=\"2012-02-28T02:17:12+00:00\" \/>\n<meta name=\"author\" content=\"Vil\u00e1 Abogados\" \/>\n<meta name=\"twitter:card\" content=\"summary_large_image\" \/>\n<meta name=\"twitter:label1\" content=\"Verfasst von\" \/>\n\t<meta name=\"twitter:data1\" content=\"Vil\u00e1 Abogados\" \/>\n\t<meta name=\"twitter:label2\" content=\"Gesch\u00e4tzte Lesezeit\" \/>\n\t<meta name=\"twitter:data2\" content=\"4\u00a0Minuten\" \/>\n<script type=\"application\/ld+json\" class=\"yoast-schema-graph\">{\"@context\":\"https:\/\/schema.org\",\"@graph\":[{\"@type\":\"Article\",\"@id\":\"https:\/\/vila.es\/de\/unkategorisiert\/spanair-freiwilligen-konkurs-vs-notwendigen-konkurs\/#article\",\"isPartOf\":{\"@id\":\"https:\/\/vila.es\/de\/unkategorisiert\/spanair-freiwilligen-konkurs-vs-notwendigen-konkurs\/\"},\"author\":{\"name\":\"Vil\u00e1 Abogados\",\"@id\":\"https:\/\/vila.es\/en\/#\/schema\/person\/1338568a83d16fbfd6073c8cc4834904\"},\"headline\":\"SPANAIR: FREIWILLIGEN KONKURS VS NOTWENDIGEN KONKURS\",\"datePublished\":\"2012-02-28T02:17:12+00:00\",\"mainEntityOfPage\":{\"@id\":\"https:\/\/vila.es\/de\/unkategorisiert\/spanair-freiwilligen-konkurs-vs-notwendigen-konkurs\/\"},\"wordCount\":845,\"commentCount\":0,\"articleSection\":[\"Uncategorised\"],\"inLanguage\":\"de\",\"potentialAction\":[{\"@type\":\"CommentAction\",\"name\":\"Comment\",\"target\":[\"https:\/\/vila.es\/de\/unkategorisiert\/spanair-freiwilligen-konkurs-vs-notwendigen-konkurs\/#respond\"]}]},{\"@type\":\"WebPage\",\"@id\":\"https:\/\/vila.es\/de\/unkategorisiert\/spanair-freiwilligen-konkurs-vs-notwendigen-konkurs\/\",\"url\":\"https:\/\/vila.es\/de\/unkategorisiert\/spanair-freiwilligen-konkurs-vs-notwendigen-konkurs\/\",\"name\":\"SPANAIR: FREIWILLIGEN KONKURS VS NOTWENDIGEN KONKURS - Vil\u00e1 Abogados\",\"isPartOf\":{\"@id\":\"https:\/\/vila.es\/en\/#website\"},\"datePublished\":\"2012-02-28T02:17:12+00:00\",\"author\":{\"@id\":\"https:\/\/vila.es\/en\/#\/schema\/person\/1338568a83d16fbfd6073c8cc4834904\"},\"breadcrumb\":{\"@id\":\"https:\/\/vila.es\/de\/unkategorisiert\/spanair-freiwilligen-konkurs-vs-notwendigen-konkurs\/#breadcrumb\"},\"inLanguage\":\"de\",\"potentialAction\":[{\"@type\":\"ReadAction\",\"target\":[\"https:\/\/vila.es\/de\/unkategorisiert\/spanair-freiwilligen-konkurs-vs-notwendigen-konkurs\/\"]}]},{\"@type\":\"BreadcrumbList\",\"@id\":\"https:\/\/vila.es\/de\/unkategorisiert\/spanair-freiwilligen-konkurs-vs-notwendigen-konkurs\/#breadcrumb\",\"itemListElement\":[{\"@type\":\"ListItem\",\"position\":1,\"name\":\"Portada\",\"item\":\"https:\/\/vila.es\/de\/\"},{\"@type\":\"ListItem\",\"position\":2,\"name\":\"SPANAIR: FREIWILLIGEN KONKURS VS NOTWENDIGEN KONKURS\"}]},{\"@type\":\"WebSite\",\"@id\":\"https:\/\/vila.es\/en\/#website\",\"url\":\"https:\/\/vila.es\/en\/\",\"name\":\"Vil\u00e1 Abogados\",\"description\":\"Damos soporte jur\u00eddico a proyectos e iniciativas de negocio de empresas y de emprendedores extranjeros y nacionales\",\"potentialAction\":[{\"@type\":\"SearchAction\",\"target\":{\"@type\":\"EntryPoint\",\"urlTemplate\":\"https:\/\/vila.es\/en\/?s={search_term_string}\"},\"query-input\":{\"@type\":\"PropertyValueSpecification\",\"valueRequired\":true,\"valueName\":\"search_term_string\"}}],\"inLanguage\":\"de\"},{\"@type\":\"Person\",\"@id\":\"https:\/\/vila.es\/en\/#\/schema\/person\/1338568a83d16fbfd6073c8cc4834904\",\"name\":\"Vil\u00e1 Abogados\",\"image\":{\"@type\":\"ImageObject\",\"inLanguage\":\"de\",\"@id\":\"https:\/\/vila.es\/en\/#\/schema\/person\/image\/\",\"url\":\"https:\/\/secure.gravatar.com\/avatar\/80372a28ffd84e8b62261dc710c686e32c574bf8a1c71bfd6ebfba0f351a081b?s=96&d=mm&r=g\",\"contentUrl\":\"https:\/\/secure.gravatar.com\/avatar\/80372a28ffd84e8b62261dc710c686e32c574bf8a1c71bfd6ebfba0f351a081b?s=96&d=mm&r=g\",\"caption\":\"Vil\u00e1 Abogados\"},\"url\":\"https:\/\/vila.es\/de\/author\/vilaes\/\"}]}<\/script>\n<!-- \/ Yoast SEO plugin. -->","yoast_head_json":{"title":"SPANAIR: FREIWILLIGEN KONKURS VS NOTWENDIGEN KONKURS - Vil\u00e1 Abogados","robots":{"index":"index","follow":"follow","max-snippet":"max-snippet:-1","max-image-preview":"max-image-preview:large","max-video-preview":"max-video-preview:-1"},"canonical":"https:\/\/vila.es\/de\/unkategorisiert\/spanair-freiwilligen-konkurs-vs-notwendigen-konkurs\/","og_locale":"de_DE","og_type":"article","og_title":"SPANAIR: FREIWILLIGEN KONKURS VS NOTWENDIGEN KONKURS - Vil\u00e1 Abogados","og_description":"I. Einleitung Am vergangenen Freitag, 27. Januar stornierte die spanische Fluggesellschaft Spanair alle ihre Fl\u00fcge und bekundete ihr Absicht, einen freiwilligen Konkurs am Montag, 30. Januar zu beantragen. Nach anf\u00e4nglicher Unsicherheit, bekundete die SEPLA (die spanische Pilotengewerkschaft), dass sie einen notwendigen Konkurs beantragen w\u00fcrde, und versuchte damit die Gesch\u00e4ftsf\u00fchrer von Spanair zuvorkommen. Am 1. Februar [...]","og_url":"https:\/\/vila.es\/de\/unkategorisiert\/spanair-freiwilligen-konkurs-vs-notwendigen-konkurs\/","og_site_name":"Vil\u00e1 Abogados","article_published_time":"2012-02-28T02:17:12+00:00","author":"Vil\u00e1 Abogados","twitter_card":"summary_large_image","twitter_misc":{"Verfasst von":"Vil\u00e1 Abogados","Gesch\u00e4tzte Lesezeit":"4\u00a0Minuten"},"schema":{"@context":"https:\/\/schema.org","@graph":[{"@type":"Article","@id":"https:\/\/vila.es\/de\/unkategorisiert\/spanair-freiwilligen-konkurs-vs-notwendigen-konkurs\/#article","isPartOf":{"@id":"https:\/\/vila.es\/de\/unkategorisiert\/spanair-freiwilligen-konkurs-vs-notwendigen-konkurs\/"},"author":{"name":"Vil\u00e1 Abogados","@id":"https:\/\/vila.es\/en\/#\/schema\/person\/1338568a83d16fbfd6073c8cc4834904"},"headline":"SPANAIR: FREIWILLIGEN KONKURS VS NOTWENDIGEN KONKURS","datePublished":"2012-02-28T02:17:12+00:00","mainEntityOfPage":{"@id":"https:\/\/vila.es\/de\/unkategorisiert\/spanair-freiwilligen-konkurs-vs-notwendigen-konkurs\/"},"wordCount":845,"commentCount":0,"articleSection":["Uncategorised"],"inLanguage":"de","potentialAction":[{"@type":"CommentAction","name":"Comment","target":["https:\/\/vila.es\/de\/unkategorisiert\/spanair-freiwilligen-konkurs-vs-notwendigen-konkurs\/#respond"]}]},{"@type":"WebPage","@id":"https:\/\/vila.es\/de\/unkategorisiert\/spanair-freiwilligen-konkurs-vs-notwendigen-konkurs\/","url":"https:\/\/vila.es\/de\/unkategorisiert\/spanair-freiwilligen-konkurs-vs-notwendigen-konkurs\/","name":"SPANAIR: FREIWILLIGEN KONKURS VS NOTWENDIGEN KONKURS - Vil\u00e1 Abogados","isPartOf":{"@id":"https:\/\/vila.es\/en\/#website"},"datePublished":"2012-02-28T02:17:12+00:00","author":{"@id":"https:\/\/vila.es\/en\/#\/schema\/person\/1338568a83d16fbfd6073c8cc4834904"},"breadcrumb":{"@id":"https:\/\/vila.es\/de\/unkategorisiert\/spanair-freiwilligen-konkurs-vs-notwendigen-konkurs\/#breadcrumb"},"inLanguage":"de","potentialAction":[{"@type":"ReadAction","target":["https:\/\/vila.es\/de\/unkategorisiert\/spanair-freiwilligen-konkurs-vs-notwendigen-konkurs\/"]}]},{"@type":"BreadcrumbList","@id":"https:\/\/vila.es\/de\/unkategorisiert\/spanair-freiwilligen-konkurs-vs-notwendigen-konkurs\/#breadcrumb","itemListElement":[{"@type":"ListItem","position":1,"name":"Portada","item":"https:\/\/vila.es\/de\/"},{"@type":"ListItem","position":2,"name":"SPANAIR: FREIWILLIGEN KONKURS VS NOTWENDIGEN KONKURS"}]},{"@type":"WebSite","@id":"https:\/\/vila.es\/en\/#website","url":"https:\/\/vila.es\/en\/","name":"Vil\u00e1 Abogados","description":"Damos soporte jur\u00eddico a proyectos e iniciativas de negocio de empresas y de emprendedores extranjeros y nacionales","potentialAction":[{"@type":"SearchAction","target":{"@type":"EntryPoint","urlTemplate":"https:\/\/vila.es\/en\/?s={search_term_string}"},"query-input":{"@type":"PropertyValueSpecification","valueRequired":true,"valueName":"search_term_string"}}],"inLanguage":"de"},{"@type":"Person","@id":"https:\/\/vila.es\/en\/#\/schema\/person\/1338568a83d16fbfd6073c8cc4834904","name":"Vil\u00e1 Abogados","image":{"@type":"ImageObject","inLanguage":"de","@id":"https:\/\/vila.es\/en\/#\/schema\/person\/image\/","url":"https:\/\/secure.gravatar.com\/avatar\/80372a28ffd84e8b62261dc710c686e32c574bf8a1c71bfd6ebfba0f351a081b?s=96&d=mm&r=g","contentUrl":"https:\/\/secure.gravatar.com\/avatar\/80372a28ffd84e8b62261dc710c686e32c574bf8a1c71bfd6ebfba0f351a081b?s=96&d=mm&r=g","caption":"Vil\u00e1 Abogados"},"url":"https:\/\/vila.es\/de\/author\/vilaes\/"}]}},"_links":{"self":[{"href":"https:\/\/vila.es\/de\/wp-json\/wp\/v2\/posts\/1419","targetHints":{"allow":["GET"]}}],"collection":[{"href":"https:\/\/vila.es\/de\/wp-json\/wp\/v2\/posts"}],"about":[{"href":"https:\/\/vila.es\/de\/wp-json\/wp\/v2\/types\/post"}],"author":[{"embeddable":true,"href":"https:\/\/vila.es\/de\/wp-json\/wp\/v2\/users\/4"}],"replies":[{"embeddable":true,"href":"https:\/\/vila.es\/de\/wp-json\/wp\/v2\/comments?post=1419"}],"version-history":[{"count":0,"href":"https:\/\/vila.es\/de\/wp-json\/wp\/v2\/posts\/1419\/revisions"}],"wp:attachment":[{"href":"https:\/\/vila.es\/de\/wp-json\/wp\/v2\/media?parent=1419"}],"wp:term":[{"taxonomy":"category","embeddable":true,"href":"https:\/\/vila.es\/de\/wp-json\/wp\/v2\/categories?post=1419"},{"taxonomy":"post_tag","embeddable":true,"href":"https:\/\/vila.es\/de\/wp-json\/wp\/v2\/tags?post=1419"}],"curies":[{"name":"wp","href":"https:\/\/api.w.org\/{rel}","templated":true}]}}