{"id":12388,"date":"2023-05-12T14:14:12","date_gmt":"2023-05-12T14:14:12","guid":{"rendered":"https:\/\/vila.es\/?p=12388"},"modified":"2023-05-12T14:14:12","modified_gmt":"2023-05-12T14:14:12","slug":"wesentlicher-vermoegenswert-konzept-und-anforderungen-folgen-des-fehlens-einer-sitzungsvereinbarung","status":"publish","type":"post","link":"https:\/\/vila.es\/de\/gesellschaftsrecht\/wesentlicher-vermoegenswert-konzept-und-anforderungen-folgen-des-fehlens-einer-sitzungsvereinbarung\/","title":{"rendered":"WESENTLICHER VERM\u00d6GENSWERT. KONZEPT UND ANFORDERUNGEN. FOLGEN DES FEHLENS EINER SITZUNGSVEREINBARUNG"},"content":{"rendered":"<p style=\"font-weight: 400; text-align: justify;\">Das Urteil des Landgerichts von Salamanca vom 6. September 2022 (<a href=\"https:\/\/www.poderjudicial.es\/search\/AN\/openDocument\/fa30557e7f56b351a0a8778d75e36f0d\/20221025\">ECLI: ES: APSA: 2022:699<\/a>) hat dieses Thema eingehend gepr\u00fcft.<\/p>\n<p style=\"font-weight: 400; text-align: justify;\">In der vierten und f\u00fcnften Urteilsbegr\u00fcndung hat das Landesgericht die folgenden Themen analysiert.<\/p>\n<p style=\"font-weight: 400; text-align: justify;\"><strong>I.- <u>Begriff der wesentlichen Verm\u00f6genswerte. Erfordernis einer <\/u><span style=\"text-decoration: underline;\">Vorstandsvereinbarung<\/span>.<\/strong><\/p>\n<p style=\"font-weight: 400; text-align: justify;\">Der Begriff des wesentlichen Verm\u00f6gens ist in den Artikeln 106 Buchstabe f) und 511bis der konsolidierten Fassung des Gesetzes \u00fcber Kapitalgesellschaften (im Folgenden \u201c<strong>TRLSC<\/strong>\u201d) geregelt.<\/p>\n<p style=\"font-weight: 400; text-align: justify;\">Ersterer legt fest, dass die Hauptversammlung f\u00fcr die Beratung und Zustimmung zum Erwerb, zur Ver\u00e4u\u00dferung oder zur Einbringung wesentlicher Verm\u00f6genswerte in ein anderes Unternehmen zust\u00e4ndig ist und dass der Verm\u00f6genswert als wesentlich gilt, wenn der Betrag der Transaktion f\u00fcnfundzwanzig Prozent des Wertes der in der letzten genehmigten Bilanz ausgewiesenen Verm\u00f6genswerte \u00fcbersteigt, wodurch ein <u>quantitatives Element<\/u> eingef\u00fchrt wird.<\/p>\n<p style=\"font-weight: 400; text-align: justify;\">Die zweite, die f\u00fcr b\u00f6rsennotierte Gesellschaften gilt, f\u00fcgt bestimmte zus\u00e4tzliche Befugnisse hinzu, die ebenfalls der Hauptversammlung vorbehalten sind (Subsidiarisierungsgesch\u00e4fte, Gesch\u00e4fte, die einer Liquidation gleichkommen, und Verg\u00fctungspolitik f\u00fcr die Direktoren).<\/p>\n<p style=\"font-weight: 400; text-align: justify;\">Bei diesem quantitativen Element handelt es sich um eine widerlegbare Vermutung, d.h. es kann das Gegenteil bewiesen werden, so dass es sich auch dann um einen wesentlichen Verm\u00f6genswert handeln kann, wenn der Betrag der Transaktion weniger als 25 % des Wertes der Aktiva betr\u00e4gt, und wenn er mehr als 25 % betr\u00e4gt, handelt es sich nicht unbedingt immer um einen wesentlichen Verm\u00f6genswert.<\/p>\n<p style=\"font-weight: 400; text-align: justify;\">Aus diesem quantitativen Element l\u00e4sst sich also das Vorhandensein eines weiteren qualitativen Elements ableiten, das den substanziellen oder materiellen Charakter jedes Vorgangs und seine Folgen f\u00fcr die Gesellschaft und ihre Aktion\u00e4re ber\u00fccksichtigt, wobei die Absicht des Gesetzgebers darin bestand, der Hauptversammlung die Entscheidung \u00fcber Vorg\u00e4nge vorzubehalten, die f\u00fcr die Organisations-, Unternehmens-, Finanz- und Verm\u00f6gensstruktur der Gesellschaft und f\u00fcr die Zukunft ihrer T\u00e4tigkeit von besonderer Bedeutung sind.<\/p>\n<p style=\"font-weight: 400; text-align: justify;\">Nach der wissenschaftlichen Lehre ergibt sich die Wesentlichkeit in den F\u00e4llen, in denen es um die Ver\u00e4u\u00dferung von Verm\u00f6genswerten geht:<\/p>\n<ul style=\"text-align: justify;\">\n<li>Entweder f\u00fchrt sie zu einer \u00c4nderung der Aktiva und Passiva, der wirtschaftlichen oder finanziellen Zusammensetzung des Unternehmens.<\/li>\n<\/ul>\n<ul style=\"text-align: justify;\">\n<li>Entweder es handelt sich um eine faktische \u00c4nderung des Gesellschaftszwecks, die zur Aufl\u00f6sung der Gesellschaft f\u00fchrt, oder es handelt sich um eine strukturelle \u00c4nderung.<\/li>\n<\/ul>\n<p style=\"font-weight: 400; text-align: justify;\">Dies geht aus dem Urteil des Landgerichts von Ourense vom 16. Oktober 2018 und dem Urteil des Landgerichts von Asturien vom 26. Februar 2020 hervor.<\/p>\n<p style=\"font-weight: 400; text-align: justify;\">Mit anderen Worten: Obwohl der Grundsatz der Aufteilung der Befugnisse zwischen den Gesellschaftsorganen dem Verwaltungsorgan die Funktion der Gesch\u00e4ftsf\u00fchrung und der Vertretung zuweist, wird er in bestimmten F\u00e4llen nach dem Willen des Gesetzgebers durchbrochen, um eine bessere Unternehmensf\u00fchrung zu gew\u00e4hrleisten, indem die Entscheidung \u00fcber die Durchf\u00fchrung von Ma\u00dfnahmen, die wesentliche Verm\u00f6genswerte betreffen, dem \u00fcbergeordneten Willen der Hauptversammlung vorbehalten wird. Diese Sonderregel des Artikels 160 f TRLSC muss immer restriktiv ausgelegt werden.<\/p>\n<p style=\"font-weight: 400; text-align: justify;\"><strong>II.- <u>Folgen des Nichtzustandekommens eines Beschlusses der Hauptversammlung zur Ver\u00e4u\u00dferung des Verm\u00f6gensgegenstandes<\/u>.<\/strong><\/p>\n<p style=\"font-weight: 400; text-align: justify;\">W\u00e4hrend Artikel 160 f TRLSC nicht angibt, welche Konsequenzen sich aus der Nichteinhaltung dieser Regel ergeben, entscheidet sich Artikel 161 desselben Gesetzestextes (Eingreifen der Hauptversammlung in Angelegenheiten der Gesch\u00e4ftsf\u00fchrung) mit seinem Verweis auf Artikel 234 f\u00fcr den Schutz gutgl\u00e4ubiger Dritter, indem er es der Gesellschaft erm\u00f6glicht, gegen\u00fcber Dritten, die in gutem Glauben und ohne grobe Fahrl\u00e4ssigkeit gehandelt haben, verpflichtet zu sein, auch wenn sich aus dem im Handelsregister eingetragenen Gesellschaftsvertrag ergibt, dass die Handlung nicht zum Gesellschaftszweck der Gesellschaft geh\u00f6rt.<\/p>\n<p style=\"font-weight: 400; text-align: justify;\">Angesichts des Schweigens von Artikel 160 f gibt es also zwei Positionen: Die erste Position r\u00e4umt die G\u00fcltigkeit von Handlungen zur Ver\u00e4u\u00dferung wesentlicher Verm\u00f6genswerte ein, die gegen\u00fcber Dritten in gutem Glauben vorgenommen werden, w\u00e4hrend die zweite Position darin besteht, dass die Genehmigung der Hauptversammlung einen rechtlichen Zust\u00e4ndigkeitsvorbehalt darstellt, der eine Voraussetzung f\u00fcr die G\u00fcltigkeit und Wirksamkeit der \u00dcbertragung ist und dessen Fehlen zur absoluten Nichtigkeit, d. h. zur Unwirksamkeit der Handlung und zur R\u00fcckerstattung der Vorteile f\u00fchrt.<\/p>\n<p style=\"font-weight: 400; text-align: justify;\">Die Rechtsprechung und die Generaldirektion f\u00fcr Rechtssicherheit und \u00f6ffentliches Vertrauen haben unterschiedliche Positionen vertreten.<\/p>\n<p style=\"font-weight: 400; text-align: justify;\">W\u00e4hrend das Urteil des Provinzgerichts von Ourense vom 16. Oktober 2018 die Wirksamkeit des Gesetzes zum Schutz Dritter in gutem Glauben bef\u00fcrwortet, sieht das Urteil des Provinzgerichts von Asturien vom 26. Februar 2020 die Kompetenzverteilung als verletzt an und argumentiert, dass wir es mit einem &#8222;\u00dcberma\u00df an Macht&#8220; zu tun haben, ebenso wie die Beschl\u00fcsse der DGRN vom 11. Juni 2015 und der STS vom 17. April 2008. Das Urteil des Provinzgerichts von Burgos vom 7. Dezember 2021 besagt, dass der Akt ohne die Zustimmung der Versammlung nichtig ist. Das Urteil des Provinzgerichts von Murcia vom 12. Mai 2022 spricht sich f\u00fcr seine Wirksamkeit zum Schutz gutgl\u00e4ubiger Dritter aus.<\/p>\n<p style=\"font-weight: 400; text-align: justify;\">Die Generaldirektion f\u00fcr Rechtssicherheit und \u00f6ffentlichen Glauben entscheidet sich in ihren Entscheidungen vom 14. Dezember 2015, 22. und 29. November 2017, 31. Mai 2018, 12. und 18. Juni 2020 und 13. April 2021 f\u00fcr die Anwendung von Artikel 234 und den Schutz gutgl\u00e4ubiger Dritter. Sie weist auch darauf hin, dass keine Verpflichtung besteht, eine Bescheinigung vorzulegen oder eine ausdr\u00fcckliche Erkl\u00e4rung des Verwalters abzugeben, dass der Verm\u00f6genswert, der Gegenstand des Gesch\u00e4fts ist, nicht wesentlich ist, obwohl die Erkl\u00e4rung in der Urkunde, dass er nicht wesentlich ist, die Position der Gegenpartei in Bezug auf ihre Sorgfaltspflicht und die Beurteilung der groben Fahrl\u00e4ssigkeit verbessert. Das Fehlen dieser ausdr\u00fccklichen Erkl\u00e4rung ist jedoch nicht per se ein Mangel, der die Eintragung verhindert. Der Registerbeamte kann den wesentlichen Charakter einschr\u00e4nken, wenn dieser offensichtlich ist oder wenn er sich aus den Elementen ergibt, die ihm bei der Einstufung zur Verf\u00fcgung stehen.<\/p>\n<p style=\"font-weight: 400; text-align: justify;\">Im vorliegenden Fall wurde das Urteil der ersten Instanz aufgehoben, da der \u00fcbertragene Verm\u00f6genswert wesentlicher Natur war und ohne die erforderliche Zustimmung des Verwaltungsrats ver\u00e4u\u00dfert wurde. Daher wurde die Transaktion f\u00fcr grunds\u00e4tzlich nichtig erkl\u00e4rt, was die Unwirksamkeit des Kaufvertrags und die R\u00fcckerstattung der Leistungen mit der L\u00f6schung der Registereintr\u00e4ge zur Folge hatte, wobei den mitbeklagten Unternehmen die Verfahrenskosten der ersten Instanz auferlegt wurden.<\/p>\n<p>&nbsp;<\/p>\n<p>&nbsp;<\/p>\n<p style=\"font-weight: 400; text-align: justify;\">Mireia Bosch<\/p>\n<p style=\"font-weight: 400; text-align: justify;\">Vil\u00e1 Abogados<\/p>\n<p>&nbsp;<\/p>\n<p style=\"font-weight: 400; text-align: justify;\">F\u00fcr weiteren Informationen, wenden Sie sich bitte an:<\/p>\n<p style=\"font-weight: 400; text-align: justify;\"><span style=\"color: #3366ff;\"> <a style=\"color: #3366ff;\" href=\"mailto:va@vila.es\">va@vila.es<\/a><\/span><\/p>\n<p>&nbsp;<\/p>\n<p style=\"text-align: justify;\">12. Mai 2023<\/p>\n","protected":false},"excerpt":{"rendered":"<p>Das Urteil des Landgerichts von Salamanca vom 6. September 2022 (ECLI: ES: APSA: 2022:699) hat dieses Thema eingehend gepr\u00fcft. In der vierten und f\u00fcnften Urteilsbegr\u00fcndung hat das Landesgericht die folgenden Themen analysiert. I.- Begriff der wesentlichen Verm\u00f6genswerte. Erfordernis einer Vorstandsvereinbarung. Der Begriff des wesentlichen Verm\u00f6gens ist in den Artikeln 106 Buchstabe f) und 511bis der  [&#8230;]<\/p>\n","protected":false},"author":4,"featured_media":4735,"comment_status":"open","ping_status":"closed","sticky":false,"template":"","format":"standard","meta":{"footnotes":""},"categories":[92],"tags":[],"class_list":["post-12388","post","type-post","status-publish","format-standard","has-post-thumbnail","hentry","category-gesellschaftsrecht"],"yoast_head":"<!-- This site is optimized with the Yoast SEO plugin v27.1.1 - https:\/\/yoast.com\/product\/yoast-seo-wordpress\/ -->\n<title>WESENTLICHER VERM\u00d6GENSWERT. KONZEPT UND ANFORDERUNGEN. FOLGEN DES FEHLENS EINER SITZUNGSVEREINBARUNG - Vil\u00e1 Abogados<\/title>\n<meta name=\"robots\" content=\"index, follow, max-snippet:-1, max-image-preview:large, max-video-preview:-1\" \/>\n<link rel=\"canonical\" href=\"https:\/\/vila.es\/ja\/?p=12390\" \/>\n<meta property=\"og:locale\" content=\"de_DE\" \/>\n<meta property=\"og:type\" content=\"article\" \/>\n<meta property=\"og:title\" content=\"WESENTLICHER VERM\u00d6GENSWERT. KONZEPT UND ANFORDERUNGEN. FOLGEN DES FEHLENS EINER SITZUNGSVEREINBARUNG - Vil\u00e1 Abogados\" \/>\n<meta property=\"og:description\" content=\"Das Urteil des Landgerichts von Salamanca vom 6. September 2022 (ECLI: ES: APSA: 2022:699) hat dieses Thema eingehend gepr\u00fcft. In der vierten und f\u00fcnften Urteilsbegr\u00fcndung hat das Landesgericht die folgenden Themen analysiert. I.- Begriff der wesentlichen Verm\u00f6genswerte. Erfordernis einer Vorstandsvereinbarung. Der Begriff des wesentlichen Verm\u00f6gens ist in den Artikeln 106 Buchstabe f) und 511bis der [...]\" \/>\n<meta property=\"og:url\" content=\"https:\/\/vila.es\/ja\/?p=12390\" \/>\n<meta property=\"og:site_name\" content=\"Vil\u00e1 Abogados\" \/>\n<meta property=\"article:published_time\" content=\"2023-05-12T14:14:12+00:00\" \/>\n<meta property=\"og:image\" content=\"https:\/\/vila.es\/wp-content\/uploads\/2020\/07\/societario.jpg\" \/>\n\t<meta property=\"og:image:width\" content=\"669\" \/>\n\t<meta property=\"og:image:height\" content=\"272\" \/>\n\t<meta property=\"og:image:type\" content=\"image\/jpeg\" \/>\n<meta name=\"author\" content=\"Vil\u00e1 Abogados\" \/>\n<meta name=\"twitter:card\" content=\"summary_large_image\" \/>\n<meta name=\"twitter:label1\" content=\"Verfasst von\" \/>\n\t<meta name=\"twitter:data1\" content=\"Vil\u00e1 Abogados\" \/>\n\t<meta name=\"twitter:label2\" content=\"Gesch\u00e4tzte Lesezeit\" \/>\n\t<meta name=\"twitter:data2\" content=\"5\u00a0Minuten\" \/>\n<script type=\"application\/ld+json\" class=\"yoast-schema-graph\">{\"@context\":\"https:\/\/schema.org\",\"@graph\":[{\"@type\":\"Article\",\"@id\":\"https:\/\/vila.es\/ja\/?p=12390#article\",\"isPartOf\":{\"@id\":\"https:\/\/vila.es\/ja\/?p=12390\"},\"author\":{\"name\":\"Vil\u00e1 Abogados\",\"@id\":\"https:\/\/vila.es\/en\/#\/schema\/person\/1338568a83d16fbfd6073c8cc4834904\"},\"headline\":\"WESENTLICHER VERM\u00d6GENSWERT. KONZEPT UND ANFORDERUNGEN. FOLGEN DES FEHLENS EINER SITZUNGSVEREINBARUNG\",\"datePublished\":\"2023-05-12T14:14:12+00:00\",\"mainEntityOfPage\":{\"@id\":\"https:\/\/vila.es\/ja\/?p=12390\"},\"wordCount\":1030,\"commentCount\":0,\"image\":{\"@id\":\"https:\/\/vila.es\/ja\/?p=12390#primaryimage\"},\"thumbnailUrl\":\"https:\/\/vila.es\/wp-content\/uploads\/2020\/07\/societario.jpg\",\"articleSection\":[\"Gesellschaftsrecht\"],\"inLanguage\":\"de\",\"potentialAction\":[{\"@type\":\"CommentAction\",\"name\":\"Comment\",\"target\":[\"https:\/\/vila.es\/ja\/?p=12390#respond\"]}]},{\"@type\":\"WebPage\",\"@id\":\"https:\/\/vila.es\/ja\/?p=12390\",\"url\":\"https:\/\/vila.es\/ja\/?p=12390\",\"name\":\"WESENTLICHER VERM\u00d6GENSWERT. KONZEPT UND ANFORDERUNGEN. FOLGEN DES FEHLENS EINER SITZUNGSVEREINBARUNG - Vil\u00e1 Abogados\",\"isPartOf\":{\"@id\":\"https:\/\/vila.es\/en\/#website\"},\"primaryImageOfPage\":{\"@id\":\"https:\/\/vila.es\/ja\/?p=12390#primaryimage\"},\"image\":{\"@id\":\"https:\/\/vila.es\/ja\/?p=12390#primaryimage\"},\"thumbnailUrl\":\"https:\/\/vila.es\/wp-content\/uploads\/2020\/07\/societario.jpg\",\"datePublished\":\"2023-05-12T14:14:12+00:00\",\"author\":{\"@id\":\"https:\/\/vila.es\/en\/#\/schema\/person\/1338568a83d16fbfd6073c8cc4834904\"},\"breadcrumb\":{\"@id\":\"https:\/\/vila.es\/ja\/?p=12390#breadcrumb\"},\"inLanguage\":\"de\",\"potentialAction\":[{\"@type\":\"ReadAction\",\"target\":[\"https:\/\/vila.es\/ja\/?p=12390\"]}]},{\"@type\":\"ImageObject\",\"inLanguage\":\"de\",\"@id\":\"https:\/\/vila.es\/ja\/?p=12390#primaryimage\",\"url\":\"https:\/\/vila.es\/wp-content\/uploads\/2020\/07\/societario.jpg\",\"contentUrl\":\"https:\/\/vila.es\/wp-content\/uploads\/2020\/07\/societario.jpg\",\"width\":669,\"height\":272},{\"@type\":\"BreadcrumbList\",\"@id\":\"https:\/\/vila.es\/ja\/?p=12390#breadcrumb\",\"itemListElement\":[{\"@type\":\"ListItem\",\"position\":1,\"name\":\"Portada\",\"item\":\"https:\/\/vila.es\/de\/\"},{\"@type\":\"ListItem\",\"position\":2,\"name\":\"WESENTLICHER VERM\u00d6GENSWERT. KONZEPT UND ANFORDERUNGEN. FOLGEN DES FEHLENS EINER SITZUNGSVEREINBARUNG\"}]},{\"@type\":\"WebSite\",\"@id\":\"https:\/\/vila.es\/en\/#website\",\"url\":\"https:\/\/vila.es\/en\/\",\"name\":\"Vil\u00e1 Abogados\",\"description\":\"Damos soporte jur\u00eddico a proyectos e iniciativas de negocio de empresas y de emprendedores extranjeros y nacionales\",\"potentialAction\":[{\"@type\":\"SearchAction\",\"target\":{\"@type\":\"EntryPoint\",\"urlTemplate\":\"https:\/\/vila.es\/en\/?s={search_term_string}\"},\"query-input\":{\"@type\":\"PropertyValueSpecification\",\"valueRequired\":true,\"valueName\":\"search_term_string\"}}],\"inLanguage\":\"de\"},{\"@type\":\"Person\",\"@id\":\"https:\/\/vila.es\/en\/#\/schema\/person\/1338568a83d16fbfd6073c8cc4834904\",\"name\":\"Vil\u00e1 Abogados\",\"image\":{\"@type\":\"ImageObject\",\"inLanguage\":\"de\",\"@id\":\"https:\/\/vila.es\/en\/#\/schema\/person\/image\/\",\"url\":\"https:\/\/secure.gravatar.com\/avatar\/80372a28ffd84e8b62261dc710c686e32c574bf8a1c71bfd6ebfba0f351a081b?s=96&d=mm&r=g\",\"contentUrl\":\"https:\/\/secure.gravatar.com\/avatar\/80372a28ffd84e8b62261dc710c686e32c574bf8a1c71bfd6ebfba0f351a081b?s=96&d=mm&r=g\",\"caption\":\"Vil\u00e1 Abogados\"},\"url\":\"https:\/\/vila.es\/de\/author\/vilaes\/\"}]}<\/script>\n<!-- \/ Yoast SEO plugin. -->","yoast_head_json":{"title":"WESENTLICHER VERM\u00d6GENSWERT. KONZEPT UND ANFORDERUNGEN. FOLGEN DES FEHLENS EINER SITZUNGSVEREINBARUNG - Vil\u00e1 Abogados","robots":{"index":"index","follow":"follow","max-snippet":"max-snippet:-1","max-image-preview":"max-image-preview:large","max-video-preview":"max-video-preview:-1"},"canonical":"https:\/\/vila.es\/ja\/?p=12390","og_locale":"de_DE","og_type":"article","og_title":"WESENTLICHER VERM\u00d6GENSWERT. KONZEPT UND ANFORDERUNGEN. FOLGEN DES FEHLENS EINER SITZUNGSVEREINBARUNG - Vil\u00e1 Abogados","og_description":"Das Urteil des Landgerichts von Salamanca vom 6. September 2022 (ECLI: ES: APSA: 2022:699) hat dieses Thema eingehend gepr\u00fcft. In der vierten und f\u00fcnften Urteilsbegr\u00fcndung hat das Landesgericht die folgenden Themen analysiert. I.- Begriff der wesentlichen Verm\u00f6genswerte. Erfordernis einer Vorstandsvereinbarung. Der Begriff des wesentlichen Verm\u00f6gens ist in den Artikeln 106 Buchstabe f) und 511bis der [...]","og_url":"https:\/\/vila.es\/ja\/?p=12390","og_site_name":"Vil\u00e1 Abogados","article_published_time":"2023-05-12T14:14:12+00:00","og_image":[{"width":669,"height":272,"url":"https:\/\/vila.es\/wp-content\/uploads\/2020\/07\/societario.jpg","type":"image\/jpeg"}],"author":"Vil\u00e1 Abogados","twitter_card":"summary_large_image","twitter_misc":{"Verfasst von":"Vil\u00e1 Abogados","Gesch\u00e4tzte Lesezeit":"5\u00a0Minuten"},"schema":{"@context":"https:\/\/schema.org","@graph":[{"@type":"Article","@id":"https:\/\/vila.es\/ja\/?p=12390#article","isPartOf":{"@id":"https:\/\/vila.es\/ja\/?p=12390"},"author":{"name":"Vil\u00e1 Abogados","@id":"https:\/\/vila.es\/en\/#\/schema\/person\/1338568a83d16fbfd6073c8cc4834904"},"headline":"WESENTLICHER VERM\u00d6GENSWERT. KONZEPT UND ANFORDERUNGEN. FOLGEN DES FEHLENS EINER SITZUNGSVEREINBARUNG","datePublished":"2023-05-12T14:14:12+00:00","mainEntityOfPage":{"@id":"https:\/\/vila.es\/ja\/?p=12390"},"wordCount":1030,"commentCount":0,"image":{"@id":"https:\/\/vila.es\/ja\/?p=12390#primaryimage"},"thumbnailUrl":"https:\/\/vila.es\/wp-content\/uploads\/2020\/07\/societario.jpg","articleSection":["Gesellschaftsrecht"],"inLanguage":"de","potentialAction":[{"@type":"CommentAction","name":"Comment","target":["https:\/\/vila.es\/ja\/?p=12390#respond"]}]},{"@type":"WebPage","@id":"https:\/\/vila.es\/ja\/?p=12390","url":"https:\/\/vila.es\/ja\/?p=12390","name":"WESENTLICHER VERM\u00d6GENSWERT. KONZEPT UND ANFORDERUNGEN. FOLGEN DES FEHLENS EINER SITZUNGSVEREINBARUNG - Vil\u00e1 Abogados","isPartOf":{"@id":"https:\/\/vila.es\/en\/#website"},"primaryImageOfPage":{"@id":"https:\/\/vila.es\/ja\/?p=12390#primaryimage"},"image":{"@id":"https:\/\/vila.es\/ja\/?p=12390#primaryimage"},"thumbnailUrl":"https:\/\/vila.es\/wp-content\/uploads\/2020\/07\/societario.jpg","datePublished":"2023-05-12T14:14:12+00:00","author":{"@id":"https:\/\/vila.es\/en\/#\/schema\/person\/1338568a83d16fbfd6073c8cc4834904"},"breadcrumb":{"@id":"https:\/\/vila.es\/ja\/?p=12390#breadcrumb"},"inLanguage":"de","potentialAction":[{"@type":"ReadAction","target":["https:\/\/vila.es\/ja\/?p=12390"]}]},{"@type":"ImageObject","inLanguage":"de","@id":"https:\/\/vila.es\/ja\/?p=12390#primaryimage","url":"https:\/\/vila.es\/wp-content\/uploads\/2020\/07\/societario.jpg","contentUrl":"https:\/\/vila.es\/wp-content\/uploads\/2020\/07\/societario.jpg","width":669,"height":272},{"@type":"BreadcrumbList","@id":"https:\/\/vila.es\/ja\/?p=12390#breadcrumb","itemListElement":[{"@type":"ListItem","position":1,"name":"Portada","item":"https:\/\/vila.es\/de\/"},{"@type":"ListItem","position":2,"name":"WESENTLICHER VERM\u00d6GENSWERT. KONZEPT UND ANFORDERUNGEN. FOLGEN DES FEHLENS EINER SITZUNGSVEREINBARUNG"}]},{"@type":"WebSite","@id":"https:\/\/vila.es\/en\/#website","url":"https:\/\/vila.es\/en\/","name":"Vil\u00e1 Abogados","description":"Damos soporte jur\u00eddico a proyectos e iniciativas de negocio de empresas y de emprendedores extranjeros y nacionales","potentialAction":[{"@type":"SearchAction","target":{"@type":"EntryPoint","urlTemplate":"https:\/\/vila.es\/en\/?s={search_term_string}"},"query-input":{"@type":"PropertyValueSpecification","valueRequired":true,"valueName":"search_term_string"}}],"inLanguage":"de"},{"@type":"Person","@id":"https:\/\/vila.es\/en\/#\/schema\/person\/1338568a83d16fbfd6073c8cc4834904","name":"Vil\u00e1 Abogados","image":{"@type":"ImageObject","inLanguage":"de","@id":"https:\/\/vila.es\/en\/#\/schema\/person\/image\/","url":"https:\/\/secure.gravatar.com\/avatar\/80372a28ffd84e8b62261dc710c686e32c574bf8a1c71bfd6ebfba0f351a081b?s=96&d=mm&r=g","contentUrl":"https:\/\/secure.gravatar.com\/avatar\/80372a28ffd84e8b62261dc710c686e32c574bf8a1c71bfd6ebfba0f351a081b?s=96&d=mm&r=g","caption":"Vil\u00e1 Abogados"},"url":"https:\/\/vila.es\/de\/author\/vilaes\/"}]}},"_links":{"self":[{"href":"https:\/\/vila.es\/de\/wp-json\/wp\/v2\/posts\/12388","targetHints":{"allow":["GET"]}}],"collection":[{"href":"https:\/\/vila.es\/de\/wp-json\/wp\/v2\/posts"}],"about":[{"href":"https:\/\/vila.es\/de\/wp-json\/wp\/v2\/types\/post"}],"author":[{"embeddable":true,"href":"https:\/\/vila.es\/de\/wp-json\/wp\/v2\/users\/4"}],"replies":[{"embeddable":true,"href":"https:\/\/vila.es\/de\/wp-json\/wp\/v2\/comments?post=12388"}],"version-history":[{"count":1,"href":"https:\/\/vila.es\/de\/wp-json\/wp\/v2\/posts\/12388\/revisions"}],"predecessor-version":[{"id":12389,"href":"https:\/\/vila.es\/de\/wp-json\/wp\/v2\/posts\/12388\/revisions\/12389"}],"wp:featuredmedia":[{"embeddable":true,"href":"https:\/\/vila.es\/de\/wp-json\/wp\/v2\/media\/4735"}],"wp:attachment":[{"href":"https:\/\/vila.es\/de\/wp-json\/wp\/v2\/media?parent=12388"}],"wp:term":[{"taxonomy":"category","embeddable":true,"href":"https:\/\/vila.es\/de\/wp-json\/wp\/v2\/categories?post=12388"},{"taxonomy":"post_tag","embeddable":true,"href":"https:\/\/vila.es\/de\/wp-json\/wp\/v2\/tags?post=12388"}],"curies":[{"name":"wp","href":"https:\/\/api.w.org\/{rel}","templated":true}]}}