{"id":11846,"date":"2022-08-26T14:12:08","date_gmt":"2022-08-26T14:12:08","guid":{"rendered":"https:\/\/vila.es\/?p=11846"},"modified":"2022-08-26T14:12:08","modified_gmt":"2022-08-26T14:12:08","slug":"neuer-gesetzesrahmen-fuer-restriktive-klauseln-des-wettbewerbsrechts-in-vertriebsvertraege","status":"publish","type":"post","link":"https:\/\/vila.es\/de\/gemeinschaftsrecht\/neuer-gesetzesrahmen-fuer-restriktive-klauseln-des-wettbewerbsrechts-in-vertriebsvertraege\/","title":{"rendered":"NEUER GESETZESRAHMEN F\u00dcR RESTRIKTIVE KLAUSELN DES WETTBEWERBSRECHTS IN VERTRIEBSVERTR\u00c4GE"},"content":{"rendered":"<p style=\"text-align: justify;\"><strong>I. <u>Einleitung:<\/u><\/strong><\/p>\n<p style=\"text-align: justify;\"><strong>Artikel 101(1)<\/strong> des Vertrags \u00fcber die Arbeitsweise der Europ\u00e4ischen Union (AEUV oder AEU-Vertrag) verbietet die Vertr\u00e4ge oder die abgestimmten Gruppen, die mit dem EU-Binnenmarkt unvereinbar sein k\u00f6nnten, und die das Ziel oder die Auswirkung haben, die Mechanismen des freien Wettbewerbs des Binnenmarkts zu behindern, begrenzen oder entt\u00e4uschen.<\/p>\n<p style=\"text-align: justify;\">Jedoch stellt <strong>Artikel 101(3) <\/strong>des AEUVs eine Freistellung von gesagten Verboten zur Verf\u00fcgung, so lang wie die Vertr\u00e4ge zu einer Verbesserung der Herstellung oder des Vertriebs der Produkte beitragen, oder den technischen oder \u00f6konomischen Fortschritt f\u00f6rdern, und gleichzeitig den Verbrauchern eine gleichwertige Teilnahme des resultierenden Gewinnes anbieten.<\/p>\n<p style=\"text-align: justify;\">Die <strong>Verordnung (EK)<\/strong> Nummer 330\/2010 der Kommission (3) hat eine Kategorie von vertikalen Vereinbarungen definiert, die der Meinung der Kommission nach den Bestimmungen, die in Artikel 101(1), Absatz 3 des AEUVs vorausgesehen sind, entsprechen. Die Erfahrung \u2013 besonders in Bezug auf den elektronischen Handel \u2013, die mit der Anwendung der Verordnung (EU) Nummer 330\/2010, die am 31. Mai 2022 auslief, gesammelt war, deutete darauf hin, dass gewisse \u00c4nderungen eingef\u00fchrt werden sollten, was die Interpretation der vertikalen Vertr\u00e4ge und ihre m\u00f6gliche Freistellung hinsichtlich Artikel 101 des AEUVs anbelangt.<\/p>\n<p style=\"text-align: justify;\">Die <strong>Verordnung (EU) 2022\/720 vom 10. Mai 2022<\/strong> der Europ\u00e4ischen Kommission \u00fcber Kategorien von vertikalen Vertr\u00e4gen und freigestellten abgestimmten Gruppen (Die Gruppenfreistellungsverordnung (vGVO)) ersetzt die vorherige Verordnung (EK) 330\/2010, mit einer Laufzeit von 12 Jahren, die am 31. Mai 2034 sich auslaufen wird.<\/p>\n<p style=\"text-align: justify;\">Desgleichen hat die Kommission einige Richtlinien in Bezug auf die vertikalen Vertr\u00e4ge durch die Mitteilung 2022\/C248\/01, die am 30. Juni 2022 weitergeben wurde (\u201edie Richtlinien\u201c), ver\u00f6ffentlicht. Des Weiteren sind einige Richtlinien \u00fcber vertikale Vertr\u00e4ge ver\u00f6ffentlicht worden.<\/p>\n<p style=\"text-align: justify;\"><strong>II. <u>Analyse und Beif\u00fcgungen:<\/u><\/strong><strong>\u00a0<\/strong><\/p>\n<p style=\"text-align: justify;\">W\u00e4hrend der vGVO erhaltet den gleichen Gesetzesrahmen mit seinen Prinzipen aufrichtet, stellt sie auch extensive Anleitung \u00fcber den Umfang des Artikels 101 der AEUV und bietet gr\u00f6\u00dfer Flexibilit\u00e4t damit die Anbieter<\/p>\n<p style=\"padding-left: 40px; text-align: justify;\">(i) unterschiedliche Typen von Vertriebssysteme kombinieren k\u00f6nnen;<\/p>\n<p style=\"padding-left: 40px; text-align: justify;\">(ii) ihre Vertreiber dazu verpflichten k\u00f6nnen, die Verkaufsbeschr\u00e4nkungen ihrer Kunden weiterzugeben;<\/p>\n<p style=\"padding-left: 40px; text-align: justify;\">(iii) zahlreiche ausschlie\u00dfliche Vertreiber ernennen k\u00f6nnen.<\/p>\n<p style=\"text-align: justify;\">Au\u00dferdem f\u00fchrt sie eine neue Kernbeschr\u00e4nkung gegen die Vorbeugung der effektiven Benutzung des Internets ein und ver\u00e4ndert die ehemalige Verordnung, damit sie sich an das Wachstum des elektronischen Handels anpassen kann.<\/p>\n<p style=\"padding-left: 40px; text-align: justify;\"><strong>1. Welche Aspekte bleiben gleich?<\/strong><\/p>\n<p style=\"padding-left: 40px; text-align: justify;\">Die gleiche Struktur der Verordnung 330\/2010 wird erhaltet: Artikel 2 legt fest, dass ein vertikaler Vertrag von den vorausgesehenen Verboten des Artikels 101(1) der AEUV sich freistellen kann, so lang wie:<\/p>\n<p style=\"padding-left: 80px; text-align: justify;\">(i) der Marktanteil des Anbieters nicht 30% Prozent des referenzierten Markts, in dem er die Waren oder Dienstleistungen des Vertrages verkauft, \u00fcbersteigt, und, dass der Marktanteil des K\u00e4ufers nicht 30% des Markts \u00fcbersteigt, in dem er die Waren kauft oder Dienstleistungen anbietet.<\/p>\n<p style=\"padding-left: 80px; text-align: justify;\">(ii) der vertikale Vertrag keine Beschr\u00e4nkung einschlie\u00dft, die den Gewinn der Freistellung ausgleicht, und keine Abkommen oder restriktive Klauseln beinhaltet, die ausdr\u00fccklich als Kernbeschr\u00e4nkungen von der Verordnung angegeben worden sind.<\/p>\n<p style=\"padding-left: 40px; text-align: justify;\"><strong>2. <u>Welches sind die wichtigsten Ver\u00e4nderungen in Bezug auf die Vertriebsvertr\u00e4ge? <\/u><\/strong><\/p>\n<p style=\"padding-left: 40px; text-align: justify;\"><strong>(A) Ausschlie\u00dflicher Vertrieb <\/strong><\/p>\n<p style=\"padding-left: 40px; text-align: justify;\">Was den Ausschlie\u00dflichen Vertrieb angeht, erhaltet die vGVO die gleiche Definition aufrecht. Das hei\u00dft, ein Vertriebssystem, in dem der Anbieter ausschlie\u00dflich ein Land oder eine Kundengruppe einem oder verschiedenen Kunden zuweist, w\u00e4hrend er gleichzeitig seinen anderen K\u00e4ufern die M\u00f6glichkeit beschr\u00e4nkt, aktive Verk\u00e4ufe in dem ausschlie\u00dflichen Land oder zu der Kundengruppe durchzuf\u00fchren.<\/p>\n<ul style=\"text-align: justify;\">\n<li style=\"list-style-type: none;\">\n<ul>\n<li>Die vGVO genehmigt, dass der Anbieter die aktiven Verk\u00e4ufe des ausschlie\u00dflichen Vertreibers in einem Land oder zu einer Kundengruppe, die ausschlie\u00dflich zugewiesen worden sind, auf maximal 5 K\u00e4ufer beschr\u00e4nkt. Au\u00dferdem k\u00f6nnen sie vom Anbieter reserviert werden. <u>Artikel 4(b)(i) der vGVO und Absatz 219 der Richtlinien.<\/u><\/li>\n<\/ul>\n<\/li>\n<li style=\"list-style-type: none;\">\n<ul>\n<li>Die vGVO genehmigt auch, dass der Anbieter den Rest seiner K\u00e4ufer fordert, ihrer direkten Kunden das Durchf\u00fchren von aktiven Verk\u00e4ufen zu beschr\u00e4nken, in den L\u00e4ndern oder zu den Kundengruppen, die der Anbieter anderen Vertreibern ausschlie\u00dflich zugewiesen hat. <u>Artikel 4(b)(i) der vGVO.<\/u><\/li>\n<\/ul>\n<\/li>\n<li style=\"list-style-type: none;\">\n<ul>\n<li>Die Definition eines aktiven Verkaufs ist aktualisiert und entwickelt worden, damit sie einige Beispiele aktiver Verk\u00e4ufer einschlie\u00dft, die mit der Vermarktung und den verkaufsf\u00f6rdernden Ma\u00dfnahmen verbunden sind. <strong>Zum Beispiel<\/strong>, Verk\u00e4ufe werden als aktiv eingestuft, wenn sie durch:<\/li>\n<\/ul>\n<\/li>\n<\/ul>\n<p style=\"padding-left: 120px; text-align: justify;\">(i) Die Verkaufsf\u00f6rderung von Preisvergleichdienstleister, oder<\/p>\n<p style=\"padding-left: 120px; text-align: justify;\">(ii) Die Vermarktung in Suchmaschinen, die an Kunden aus spezifischen L\u00e4ndern verwiesen ist, durchgef\u00fchrt werden.<\/p>\n<p style=\"padding-left: 40px; text-align: justify;\"><strong>(B) \u201eSelektiver Vertrieb\u201c (d.h. der Vertrieb durch ausgew\u00e4hlte Kan\u00e4le)<\/strong><\/p>\n<p style=\"padding-left: 40px; text-align: justify;\">Die vGVO definiert den selektiven Vertrieb als ein System, in dem der Anbieter sich verpflichtet, die Waren oder Dienstleistungen des Vertrages direkt oder indirekt ausschlie\u00dflich zu Vertreibern, die anhand bestimmter Kriterien ausgew\u00e4hlt werden, zu verkaufen. Unter diesem System, diese Vertreiber verpflichten sich auch, keineswegs gesagte Waren und Dienstleistungen zu unautorisierten Vertreibern des Landes zu verkaufen, um dieses Vertriebssystem einzusetzen.<\/p>\n<ul style=\"text-align: justify;\">\n<li style=\"list-style-type: none;\">\n<ul>\n<li>Die vGVO erlaubt einige Betriebe, selektiven und ausschlie\u00dfen Vertrieb in unterschiedlichen L\u00e4ndern binnen der Europ\u00e4ischen Union zu kombinieren oder mischen, und stellt auch zus\u00e4tzlichen gesetzlichen Schutz f\u00fcr solche Vertriebssysteme zur Verf\u00fcgung. Deswegen k\u00f6nnen die Mitglieder eines selektiven Vertriebssystem, das in einem Land eingef\u00fchrt worden ist, verboten sein, aktive Verk\u00e4ufe in dem ausgew\u00e4hlten Land oder zu einer f\u00fcr den Anbieter ausschlie\u00dflich zugewiesenen Kundengruppe durchzuf\u00fchren. <u>Artikel 4(b)(ii) der vGVO.<\/u><\/li>\n<\/ul>\n<\/li>\n<\/ul>\n<ul style=\"text-align: justify;\">\n<li style=\"list-style-type: none;\">\n<ul>\n<li>Die Kombination des selektiven und ausschlie\u00dflichen Vertriebes in dem gleichen Land kann keinen Nutzen von der Freistellung haben. <u>Absatz 236 der Richtlinien. <\/u>Gleichwohl kann der Anbieter entweder sich verpflichten, ausschlie\u00dflich zu spezifischen Vertreibern die Waren oder Dienstleistungen bereitzustellen, in dem Land, in dem das ausschlie\u00dfliche Vertrieb in Funktion ist, oder sich verpflichten, keine aktiven Verk\u00e4ufer in gesagtem Land durchzuf\u00fchren.<\/li>\n<\/ul>\n<\/li>\n<\/ul>\n<p style=\"padding-left: 40px; text-align: justify;\"><strong>(C) Die Dualdistribution <\/strong><\/p>\n<p style=\"padding-left: 40px; text-align: justify;\">Die Dualdistribution ist eine Gesch\u00e4ftspraxis, in der der Anbieter seine Produkte durch zwei Methode gleichzeitig vertreibt und deshalb Wettbewerb zwischen den eigenen Vertreibern des Anbieters schafft. Unter einem System von Dualdistribution pflegt der Anbieter seine Produkte nicht nur direkt zu seinen Endkunden zu verkaufen (am Ende der Lieferkette, oder <em>\u201e<\/em><em>downstream<\/em><em>\u201c<\/em>), sondern auch durch eigenst\u00e4ndige Vertreiber (am Beginn der Lieferkette, oder <em>\u201eupstream\u201c<\/em>).<\/p>\n<p style=\"padding-left: 40px; text-align: justify;\">Die Dualdistribution <strong>bleibt noch genehmigt<\/strong> unter der Verordnung 2022\/720; zwar ist den Umfang der Freistellung verbreitet worden, sodass er jetzt die <strong>Gro\u00dfh\u00e4ndler<\/strong> und <strong>Einf\u00fchrer<\/strong> einschlie\u00dft.<\/p>\n<p style=\"padding-left: 40px; text-align: justify;\">Dennoch wird der Informationsaustausch zwischen einem Anbieter und seinen Vertreibern nur freigestellt, wenn:<\/p>\n<ul style=\"text-align: justify;\">\n<li style=\"list-style-type: none;\">\n<ul>\n<li>Er <strong>direkt<\/strong> mit dem Vollzug des vertikalen Vertrages <strong>verbunden<\/strong> ist, oder<\/li>\n<\/ul>\n<\/li>\n<\/ul>\n<ul style=\"text-align: justify;\">\n<li style=\"list-style-type: none;\">\n<ul>\n<li>Er <strong>notwendig<\/strong> <strong>ist, um eine Verbesserung<\/strong> der Herstellung oder des Vertreibens der Waren und Dienstleistungen hervorzubringen.<\/li>\n<\/ul>\n<\/li>\n<\/ul>\n<div style=\"padding-left: 40px; text-align: justify;\"><span style=\"text-decoration: underline;\"><span lang=\"DE\">INFORMATIONSAUSTAUSCH ZWISCHEN DEN VERTIKALEN VERTRAGSPARTEIEN<\/span><\/span><\/div>\n<div style=\"text-align: justify;\">\n<p style=\"padding-left: 40px;\"><strong>Genehmigter Austausch <\/strong><strong>(<em>\u201eWhite List<\/em><\/strong><strong><em>\u201c<\/em><\/strong><strong> der Richtlinien)<\/strong><\/p>\n<ul>\n<li style=\"list-style-type: none;\">\n<ul>\n<li>Technische Information \u00fcber die Ware oder Dienstleistung.<\/li>\n<li>Information, die mit der Herstellung, dem Bestand, dem Vorrat, der Verkaufsmengen und der R\u00fccksendungen verbunden ist.<\/li>\n<li>Zusammengefasste Information, die mit den Verk\u00e4ufern, Pr\u00e4ferenzen und den Kritiken verbunden ist.<\/li>\n<li>Information, die mit der Leistung des Vertreibers verbunden ist, einschlie\u00dflich zusammengefasste Information \u00fcber die Vermarktung und Verkaufsaktivit\u00e4ten.<\/li>\n<\/ul>\n<\/li>\n<\/ul>\n<p style=\"padding-left: 40px;\"><strong>Ungenehmigter Austausch (<em>\u201eBlack List\u201c <\/em>der Richtlinien)<\/strong><\/p>\n<ul>\n<li style=\"list-style-type: none;\">\n<ul>\n<li>Information \u00fcber echte zuk\u00fcnftige Preise der Vertragswaren oder Dienstleistungen.<\/li>\n<li>Information, die die Identifizierung eines konkreten Kunden erlaubt.<\/li>\n<li>Information, die mit den Waren verbunden ist, die von einem Vertreiber unter seiner eigenen Marke verkauft werden, wenn der Anbieter oder Hersteller die Produkte eines Marktbegleiters verkauft.<\/li>\n<\/ul>\n<\/li>\n<\/ul>\n<div style=\"padding-left: 40px;\"><u><span lang=\"DE\">Abs\u00e4tze 99 und 100 der Richtlinien.<\/span><\/u><\/div>\n<\/div>\n<div style=\"text-align: justify;\">\n<p style=\"padding-left: 40px;\"><strong>(D) Online-Verk\u00e4ufe<\/strong><\/p>\n<p style=\"padding-left: 40px;\">Die vGVO hat die Freistellungen aktualisiert, angesichts der Evolution der M\u00e4rkte und, spezifischer gesagt, des Wachstums des elektronischen Handels und der immer relevanteren Rolle, die die Online-Plattformen f\u00fcr den Vertrieb von Waren und Dienstleistungen spielen. Die vGVO bricht sich dem Prinzip der Gleichheit zwischen Offline- und Online-Verk\u00e4ufen der selektiven Vertriebssysteme ab, denn aller Beweis jetzt zeigt, dass die Online-Verk\u00e4ufe keinen speziellen Schutz mehr brauchen.<\/p>\n<ul>\n<li style=\"list-style-type: none;\">\n<ul>\n<li>Die vGVO erlaubt ausdr\u00fccklich, dass der Antreiber einige Bedingungen f\u00fcr den Online-Verkauf oder die Vermarktung seiner Produkte einf\u00fchrt. Der Antreiber kann Bedingungen sowohl \u00fcber die Qualit\u00e4t oder das Ansehen der Produkte auf der Webseite des Vertreibers einf\u00fchren, als auch \u00fcber die Weise, mit der die Waren oder Dienstleistungen, oder die Marke des Anbieters, auf der Webseite des Vertreibers angezeigt werden m\u00fcssen. <u>Artikel 2(1) der vGVO und Absatz 208 der Rechtlinien. <\/u><\/li>\n<\/ul>\n<\/li>\n<\/ul>\n<ul>\n<li style=\"list-style-type: none;\">\n<ul>\n<li>In bestimmten F\u00e4llen kann der Antreiber die Benutzung der Plattformen oder M\u00e4rkte f\u00fcr den Vertrieb seiner Waren verbieten, (so lang wie sie das indirekte Ziel nicht haben, die effektive Benutzung des Internets aufseiten des K\u00e4ufers vorzubeugen). Der Antreiber kann auch ben\u00f6tigen, dass der Vertreiber nicht nur ein Ladengesch\u00e4ft, sondern auch einen Online-Verkaufsweg ge\u00f6ffnet erhaltet, oder sogar, dass eine Mindestmenge von Verk\u00e4ufen in den Ladengesch\u00e4ften erreicht wird. <u>Abs\u00e4tze 207 und 208 der Richtlinien.<\/u><\/li>\n<\/ul>\n<\/li>\n<\/ul>\n<ul>\n<li style=\"list-style-type: none;\">\n<ul>\n<li>Die vGVO f\u00fcgt auch dazu hin eine volle Liste von restriktiven Kerngesch\u00e4ftspraxen (<em>hardcore restriction practices<\/em><em>)<\/em>, die die effektive Benutzung des Internets als Verkaufsweg vorbeugen. <u>Absatz 206 der Richtlinien.<\/u><\/li>\n<\/ul>\n<\/li>\n<\/ul>\n<ul>\n<li style=\"list-style-type: none;\">\n<ul>\n<li style=\"list-style-type: none;\">\n<ul>\n<li>Zu ben\u00f6tigen, dass die Verk\u00e4ufe ausschlie\u00dflich durch Ladengesch\u00e4fte oder im Beisein von einem Spezialisten durchgef\u00fchrt werden.<\/li>\n<\/ul>\n<\/li>\n<\/ul>\n<\/li>\n<\/ul>\n<ul>\n<li style=\"list-style-type: none;\">\n<ul>\n<li style=\"list-style-type: none;\">\n<ul>\n<li>Dem Antreiber die Ausbeutung einer oder mehrerer Webseiten vorzubeugen.<\/li>\n<\/ul>\n<\/li>\n<\/ul>\n<\/li>\n<\/ul>\n<ul>\n<li style=\"list-style-type: none;\">\n<ul>\n<li style=\"list-style-type: none;\">\n<ul>\n<li>Dem Antreiber die Benutzung der Marke des Vertreibers in seinem Online-Gesch\u00e4ft vorzubeugen.<\/li>\n<\/ul>\n<\/li>\n<\/ul>\n<\/li>\n<\/ul>\n<ul>\n<li style=\"list-style-type: none;\">\n<ul>\n<li style=\"list-style-type: none;\">\n<ul>\n<li>Dem Antreiber das Blockieren oder die Umleitung des Zugangs zur Webseite des Antreibers zu verpflichten, f\u00fcr diejenige, die die Webseite au\u00dferhalb der EU besuchen.<\/li>\n<\/ul>\n<\/li>\n<\/ul>\n<\/li>\n<\/ul>\n<ul>\n<li style=\"list-style-type: none;\">\n<ul>\n<li style=\"list-style-type: none;\">\n<ul>\n<li>Ein Vertrag mit einem Online-Vermittlungsdienstleister abzuschlie\u00dfen, der um den Verkauf der Waren oder Dienstleistungen mit den Antreibern sich bewerbt.<\/li>\n<\/ul>\n<\/li>\n<\/ul>\n<\/li>\n<\/ul>\n<p style=\"padding-left: 40px;\"><strong>(E) Das Feststellen der Preise <\/strong><\/p>\n<ul>\n<li style=\"list-style-type: none;\">\n<ul>\n<li>Die Richtlinien legen fest, dass ein Antreiber Kriterien \u00fcber die Online-\/Offlineverk\u00e4ufe eines selektiven Vertriebssystems feststellen kann, die nicht identisch sind, so lang wie jene Kriterien keineswegs das Ziel haben, die effektive Benutzung des Internets vorzubeugen.<\/li>\n<\/ul>\n<\/li>\n<\/ul>\n<ul>\n<li style=\"list-style-type: none;\">\n<ul>\n<li>Desgleichen w\u00e4re es akzeptabel betrachtet, den Richtlinien zufolge, wenn ein Antreiber unter bestimmten Zust\u00e4nden einen Gro\u00dfhandelspreis feststellte, der anders als das gleiche Produkt sei, je nachdem, ob es im Internet oder im physischen Markt vertrieben w\u00e4re, was tats\u00e4chlich das Feststellen eines Doppelpreises erlauben w\u00fcrde. <u>Artikel 2(1) der vGVO und Absatz 209 der Richtlinien.<\/u> Solche Bedingungen sind:<\/li>\n<\/ul>\n<\/li>\n<\/ul>\n<ul>\n<li style=\"list-style-type: none;\">\n<ul>\n<li style=\"list-style-type: none;\">\n<ul>\n<li>Das Feststellen des Preises muss ein ausreichendes Investitionsniveau in jedem Verkaufsweg anreizen oder ausgleichen.<\/li>\n<\/ul>\n<\/li>\n<\/ul>\n<\/li>\n<\/ul>\n<ul>\n<li style=\"list-style-type: none;\">\n<ul>\n<li style=\"list-style-type: none;\">\n<ul>\n<li>Der Preisunterschied muss keineswegs das direkte oder indirekte Ziel haben, die Verk\u00e4ufe zu einem Land oder einem konkreten Kunden binnen der Europ\u00e4ischen Union zu beschr\u00e4nken.<\/li>\n<\/ul>\n<\/li>\n<\/ul>\n<\/li>\n<\/ul>\n<ul>\n<li style=\"list-style-type: none;\">\n<ul>\n<li style=\"list-style-type: none;\">\n<ul>\n<li>Das Feststellen des Preises muss keineswegs vorbeugen, dass die Antreiber oder Kunden das Internet benutzen, um ihre Waren oder Onlinedienstleistungen zu verkaufen (die effektive Benutzung des Internets).<\/li>\n<\/ul>\n<\/li>\n<\/ul>\n<\/li>\n<\/ul>\n<p style=\"padding-left: 40px;\"><strong>(F) Parit\u00e4tsverpflichtungen oder Meistbeg\u00fcnstigung <\/strong><strong>(<em>\u201eMost Favoured Nation<\/em><\/strong><strong><em> \u2013 MFN\u201c)<\/em><\/strong><strong>.<\/strong><\/p>\n<p style=\"padding-left: 40px;\">Im Rahmen der Vertriebsvertr\u00e4ge versichert eine Parit\u00e4tsverpflichtung (sonst genannt eine \u201eMeistbeg\u00fcnstigungsklausel\u201c), dass der Antreiber allen seinen Vertreibern die gleichwertige Verkaufszust\u00e4nde angeboten werden.<\/p>\n<p style=\"padding-left: 40px;\">Zwar kann man zwischen zwei Arten von Parit\u00e4tsverpflichtungen entscheiden:<\/p>\n<p style=\"padding-left: 80px;\">(i) <strong>Weite Parit\u00e4t <\/strong>(<em>\u201eweite Meistbeg\u00fcnstigung\u201c<\/em>) \u2013 ben\u00f6tigt, dass der Antreiber die gleichwertigen oder besseren Zust\u00e4nde einem Antreiber anbietet, als diejenige, die in irgendeiner Plattform im Internet von einem Wettbewerber angeboten werden. Diese Klauseln haben nicht den Nutzen der Freistellung, au\u00dfer dem Gro\u00dfhandel.<\/p>\n<p style=\"padding-left: 80px;\">(ii) <strong>Enge Parit\u00e4t <\/strong>(<em>\u201eenge Meistbeg\u00fcnstigung\u201c<\/em>) \u2013 ben\u00f6tigt, dass der Antreiber die gleichwertigen oder besseren Zust\u00e4nde einem Antreiber anbietet, als diejenige, die in einem spezifischen Verkaufsweg angeboten werden (zum Beispiel, seine eigene Webseite). Diese Klauseln haben ja den Nutzen der Freistellung, sowohl f\u00fcr den Kleinhandel, als auch den Gro\u00dfhandel.<\/p>\n<p style=\"padding-left: 40px;\"><strong>(G) Nachhaltigkeit<\/strong><\/p>\n<p style=\"padding-left: 40px;\">Die Nachhaltigkeit wird von der vGVO als relevantes Kriterium in Bezug auf die Freistellung des Artikels 101(3) des AEUVs betrachtet. Deswegen kann ein vertikaler Vertrag, der nicht unter der vGVO freigestellt ist, wegen seiner Nachhaltigkeitsvorteile (beziehungsweise des Umweltschutzes oder der Begrenzung der Naturnutzung) Anspruch auf eine Freistellung unter der besagten Bestimmung haben.<\/p>\n<\/div>\n<p style=\"text-align: justify;\"><strong>III. <u>Fazit:<\/u><\/strong><strong>\u00a0<\/strong><\/p>\n<p style=\"text-align: justify;\">Die neue Verordnung mit einer geplanten Rechtsg\u00fcltigkeit von zw\u00f6lf Jahren wird die Klauseln vieler vertikalen Vertr\u00e4ge zwischen Antreibern und Vertreibern gestalten. Diese Kategorie schlie\u00dft das Folgendes ein: den (selektiven und ausschlie\u00dflichen) Vertrieb; das Franchising; die Konzessionierung; den Wiederverkauf; die Vermarktung; die Kommerzialisierung; die Provision; die Handelsagentur; unter anderen Beispielen.<\/p>\n<p style=\"text-align: justify;\">Die vGVO hat auch einige relevante Ver\u00e4nderungen eingef\u00fchrt, die ein Antreiber im Sinn behalten werden muss, was seine Vertriebsvertr\u00e4ge anbelangt. W\u00e4hrend der vGVO die Gelegenheiten bietet, das Vertriebsnetz zu reformieren, mit der Absicht, seine Effizienz und Rentabilit\u00e4t zu verbessern, wird sie auch ein neues Risiko von gesetzlicher Nichtkonformit\u00e4t darstellen, \u00fcber das man den \u00dcberblick nicht verlieren muss.<\/p>\n<p style=\"text-align: justify;\">Ab dem 1. Juli 2022 werden die Vertriebsvertr\u00e4ge, die es vorhaben, mit der neuen Verordnung der vGVO \u00fcbereinzustimmen, sich an die in der Verordnung 2022\/720 festgelegten Regeln anpassen.<\/p>\n<p style=\"text-align: justify;\">Was die Vertriebsvertr\u00e4ge und Gesch\u00e4ftspraxen angeht, die schon ab dem 1. Juni 2022 rechtsg\u00fcltig sind, hat die vGVO Anstalten f\u00fcr eine \u00dcbergangsfrist eines Jahrs (bis dem 31. Mai 2023) getroffen, damit gesagte Vertr\u00e4ge sich daran anpassen k\u00f6nnen.<\/p>\n<p>&nbsp;<\/p>\n<p>&nbsp;<\/p>\n<p>Eduardo Vil\u00e1<\/p>\n<p>Vil\u00e1 Abogados<\/p>\n<p>&nbsp;<\/p>\n<p>F\u00fcr mehrere Informationen, kontaktieren Sie bitte:<\/p>\n<p><a href=\"mailto:va@vila.es\"><span style=\"color: #3366ff;\">va@vila.es<\/span><\/a><\/p>\n<p>&nbsp;<\/p>\n<p>26. August 2022<\/p>\n","protected":false},"excerpt":{"rendered":"<p>I. Einleitung: Artikel 101(1) des Vertrags \u00fcber die Arbeitsweise der Europ\u00e4ischen Union (AEUV oder AEU-Vertrag) verbietet die Vertr\u00e4ge oder die abgestimmten Gruppen, die mit dem EU-Binnenmarkt unvereinbar sein k\u00f6nnten, und die das Ziel oder die Auswirkung haben, die Mechanismen des freien Wettbewerbs des Binnenmarkts zu behindern, begrenzen oder entt\u00e4uschen. Jedoch stellt Artikel 101(3) des AEUVs  [&#8230;]<\/p>\n","protected":false},"author":4,"featured_media":4686,"comment_status":"open","ping_status":"closed","sticky":false,"template":"","format":"standard","meta":{"footnotes":""},"categories":[95,98,99],"tags":[],"class_list":["post-11846","post","type-post","status-publish","format-standard","has-post-thumbnail","hentry","category-gemeinschaftsrecht","category-handelsvertrage","category-vertriebs-und-vertretungsvertrage"],"yoast_head":"<!-- This site is optimized with the Yoast SEO plugin v27.1.1 - https:\/\/yoast.com\/product\/yoast-seo-wordpress\/ -->\n<title>NEUER GESETZESRAHMEN F\u00dcR RESTRIKTIVE KLAUSELN DES WETTBEWERBSRECHTS IN VERTRIEBSVERTR\u00c4GE - Vil\u00e1 Abogados<\/title>\n<meta name=\"robots\" content=\"index, follow, max-snippet:-1, max-image-preview:large, max-video-preview:-1\" \/>\n<link rel=\"canonical\" href=\"https:\/\/vila.es\/de\/gemeinschaftsrecht\/neuer-gesetzesrahmen-fuer-restriktive-klauseln-des-wettbewerbsrechts-in-vertriebsvertraege\/\" \/>\n<meta property=\"og:locale\" content=\"de_DE\" \/>\n<meta property=\"og:type\" content=\"article\" \/>\n<meta property=\"og:title\" content=\"NEUER GESETZESRAHMEN F\u00dcR RESTRIKTIVE KLAUSELN DES WETTBEWERBSRECHTS IN VERTRIEBSVERTR\u00c4GE - Vil\u00e1 Abogados\" \/>\n<meta property=\"og:description\" content=\"I. Einleitung: Artikel 101(1) des Vertrags \u00fcber die Arbeitsweise der Europ\u00e4ischen Union (AEUV oder AEU-Vertrag) verbietet die Vertr\u00e4ge oder die abgestimmten Gruppen, die mit dem EU-Binnenmarkt unvereinbar sein k\u00f6nnten, und die das Ziel oder die Auswirkung haben, die Mechanismen des freien Wettbewerbs des Binnenmarkts zu behindern, begrenzen oder entt\u00e4uschen. Jedoch stellt Artikel 101(3) des AEUVs [...]\" \/>\n<meta property=\"og:url\" content=\"https:\/\/vila.es\/de\/gemeinschaftsrecht\/neuer-gesetzesrahmen-fuer-restriktive-klauseln-des-wettbewerbsrechts-in-vertriebsvertraege\/\" \/>\n<meta property=\"og:site_name\" content=\"Vil\u00e1 Abogados\" \/>\n<meta property=\"article:published_time\" content=\"2022-08-26T14:12:08+00:00\" \/>\n<meta property=\"og:image\" content=\"https:\/\/vila.es\/wp-content\/uploads\/2020\/02\/distribucion-y-agencia.jpg\" \/>\n\t<meta property=\"og:image:width\" content=\"669\" \/>\n\t<meta property=\"og:image:height\" content=\"272\" \/>\n\t<meta property=\"og:image:type\" content=\"image\/jpeg\" \/>\n<meta name=\"author\" content=\"Vil\u00e1 Abogados\" \/>\n<meta name=\"twitter:card\" content=\"summary_large_image\" \/>\n<meta name=\"twitter:label1\" content=\"Verfasst von\" \/>\n\t<meta name=\"twitter:data1\" content=\"Vil\u00e1 Abogados\" \/>\n\t<meta name=\"twitter:label2\" content=\"Gesch\u00e4tzte Lesezeit\" \/>\n\t<meta name=\"twitter:data2\" content=\"9\u00a0Minuten\" \/>\n<script type=\"application\/ld+json\" class=\"yoast-schema-graph\">{\"@context\":\"https:\/\/schema.org\",\"@graph\":[{\"@type\":\"Article\",\"@id\":\"https:\/\/vila.es\/de\/gemeinschaftsrecht\/neuer-gesetzesrahmen-fuer-restriktive-klauseln-des-wettbewerbsrechts-in-vertriebsvertraege\/#article\",\"isPartOf\":{\"@id\":\"https:\/\/vila.es\/de\/gemeinschaftsrecht\/neuer-gesetzesrahmen-fuer-restriktive-klauseln-des-wettbewerbsrechts-in-vertriebsvertraege\/\"},\"author\":{\"name\":\"Vil\u00e1 Abogados\",\"@id\":\"https:\/\/vila.es\/en\/#\/schema\/person\/1338568a83d16fbfd6073c8cc4834904\"},\"headline\":\"NEUER GESETZESRAHMEN F\u00dcR RESTRIKTIVE KLAUSELN DES WETTBEWERBSRECHTS IN VERTRIEBSVERTR\u00c4GE\",\"datePublished\":\"2022-08-26T14:12:08+00:00\",\"mainEntityOfPage\":{\"@id\":\"https:\/\/vila.es\/de\/gemeinschaftsrecht\/neuer-gesetzesrahmen-fuer-restriktive-klauseln-des-wettbewerbsrechts-in-vertriebsvertraege\/\"},\"wordCount\":2110,\"commentCount\":0,\"image\":{\"@id\":\"https:\/\/vila.es\/de\/gemeinschaftsrecht\/neuer-gesetzesrahmen-fuer-restriktive-klauseln-des-wettbewerbsrechts-in-vertriebsvertraege\/#primaryimage\"},\"thumbnailUrl\":\"https:\/\/vila.es\/wp-content\/uploads\/2020\/02\/distribucion-y-agencia.jpg\",\"articleSection\":[\"Europ\u00e4ische Union\",\"Handelsvertr\u00e4ge\",\"Vertriebs und Vertretungsvertr\u00e4ge\"],\"inLanguage\":\"de\",\"potentialAction\":[{\"@type\":\"CommentAction\",\"name\":\"Comment\",\"target\":[\"https:\/\/vila.es\/de\/gemeinschaftsrecht\/neuer-gesetzesrahmen-fuer-restriktive-klauseln-des-wettbewerbsrechts-in-vertriebsvertraege\/#respond\"]}]},{\"@type\":\"WebPage\",\"@id\":\"https:\/\/vila.es\/de\/gemeinschaftsrecht\/neuer-gesetzesrahmen-fuer-restriktive-klauseln-des-wettbewerbsrechts-in-vertriebsvertraege\/\",\"url\":\"https:\/\/vila.es\/de\/gemeinschaftsrecht\/neuer-gesetzesrahmen-fuer-restriktive-klauseln-des-wettbewerbsrechts-in-vertriebsvertraege\/\",\"name\":\"NEUER GESETZESRAHMEN F\u00dcR RESTRIKTIVE KLAUSELN DES WETTBEWERBSRECHTS IN VERTRIEBSVERTR\u00c4GE - Vil\u00e1 Abogados\",\"isPartOf\":{\"@id\":\"https:\/\/vila.es\/en\/#website\"},\"primaryImageOfPage\":{\"@id\":\"https:\/\/vila.es\/de\/gemeinschaftsrecht\/neuer-gesetzesrahmen-fuer-restriktive-klauseln-des-wettbewerbsrechts-in-vertriebsvertraege\/#primaryimage\"},\"image\":{\"@id\":\"https:\/\/vila.es\/de\/gemeinschaftsrecht\/neuer-gesetzesrahmen-fuer-restriktive-klauseln-des-wettbewerbsrechts-in-vertriebsvertraege\/#primaryimage\"},\"thumbnailUrl\":\"https:\/\/vila.es\/wp-content\/uploads\/2020\/02\/distribucion-y-agencia.jpg\",\"datePublished\":\"2022-08-26T14:12:08+00:00\",\"author\":{\"@id\":\"https:\/\/vila.es\/en\/#\/schema\/person\/1338568a83d16fbfd6073c8cc4834904\"},\"breadcrumb\":{\"@id\":\"https:\/\/vila.es\/de\/gemeinschaftsrecht\/neuer-gesetzesrahmen-fuer-restriktive-klauseln-des-wettbewerbsrechts-in-vertriebsvertraege\/#breadcrumb\"},\"inLanguage\":\"de\",\"potentialAction\":[{\"@type\":\"ReadAction\",\"target\":[\"https:\/\/vila.es\/de\/gemeinschaftsrecht\/neuer-gesetzesrahmen-fuer-restriktive-klauseln-des-wettbewerbsrechts-in-vertriebsvertraege\/\"]}]},{\"@type\":\"ImageObject\",\"inLanguage\":\"de\",\"@id\":\"https:\/\/vila.es\/de\/gemeinschaftsrecht\/neuer-gesetzesrahmen-fuer-restriktive-klauseln-des-wettbewerbsrechts-in-vertriebsvertraege\/#primaryimage\",\"url\":\"https:\/\/vila.es\/wp-content\/uploads\/2020\/02\/distribucion-y-agencia.jpg\",\"contentUrl\":\"https:\/\/vila.es\/wp-content\/uploads\/2020\/02\/distribucion-y-agencia.jpg\",\"width\":669,\"height\":272},{\"@type\":\"BreadcrumbList\",\"@id\":\"https:\/\/vila.es\/de\/gemeinschaftsrecht\/neuer-gesetzesrahmen-fuer-restriktive-klauseln-des-wettbewerbsrechts-in-vertriebsvertraege\/#breadcrumb\",\"itemListElement\":[{\"@type\":\"ListItem\",\"position\":1,\"name\":\"Portada\",\"item\":\"https:\/\/vila.es\/de\/\"},{\"@type\":\"ListItem\",\"position\":2,\"name\":\"NEUER GESETZESRAHMEN F\u00dcR RESTRIKTIVE KLAUSELN DES WETTBEWERBSRECHTS IN VERTRIEBSVERTR\u00c4GE\"}]},{\"@type\":\"WebSite\",\"@id\":\"https:\/\/vila.es\/en\/#website\",\"url\":\"https:\/\/vila.es\/en\/\",\"name\":\"Vil\u00e1 Abogados\",\"description\":\"Damos soporte jur\u00eddico a proyectos e iniciativas de negocio de empresas y de emprendedores extranjeros y nacionales\",\"potentialAction\":[{\"@type\":\"SearchAction\",\"target\":{\"@type\":\"EntryPoint\",\"urlTemplate\":\"https:\/\/vila.es\/en\/?s={search_term_string}\"},\"query-input\":{\"@type\":\"PropertyValueSpecification\",\"valueRequired\":true,\"valueName\":\"search_term_string\"}}],\"inLanguage\":\"de\"},{\"@type\":\"Person\",\"@id\":\"https:\/\/vila.es\/en\/#\/schema\/person\/1338568a83d16fbfd6073c8cc4834904\",\"name\":\"Vil\u00e1 Abogados\",\"image\":{\"@type\":\"ImageObject\",\"inLanguage\":\"de\",\"@id\":\"https:\/\/vila.es\/en\/#\/schema\/person\/image\/\",\"url\":\"https:\/\/secure.gravatar.com\/avatar\/80372a28ffd84e8b62261dc710c686e32c574bf8a1c71bfd6ebfba0f351a081b?s=96&d=mm&r=g\",\"contentUrl\":\"https:\/\/secure.gravatar.com\/avatar\/80372a28ffd84e8b62261dc710c686e32c574bf8a1c71bfd6ebfba0f351a081b?s=96&d=mm&r=g\",\"caption\":\"Vil\u00e1 Abogados\"},\"url\":\"https:\/\/vila.es\/de\/author\/vilaes\/\"}]}<\/script>\n<!-- \/ Yoast SEO plugin. -->","yoast_head_json":{"title":"NEUER GESETZESRAHMEN F\u00dcR RESTRIKTIVE KLAUSELN DES WETTBEWERBSRECHTS IN VERTRIEBSVERTR\u00c4GE - Vil\u00e1 Abogados","robots":{"index":"index","follow":"follow","max-snippet":"max-snippet:-1","max-image-preview":"max-image-preview:large","max-video-preview":"max-video-preview:-1"},"canonical":"https:\/\/vila.es\/de\/gemeinschaftsrecht\/neuer-gesetzesrahmen-fuer-restriktive-klauseln-des-wettbewerbsrechts-in-vertriebsvertraege\/","og_locale":"de_DE","og_type":"article","og_title":"NEUER GESETZESRAHMEN F\u00dcR RESTRIKTIVE KLAUSELN DES WETTBEWERBSRECHTS IN VERTRIEBSVERTR\u00c4GE - Vil\u00e1 Abogados","og_description":"I. Einleitung: Artikel 101(1) des Vertrags \u00fcber die Arbeitsweise der Europ\u00e4ischen Union (AEUV oder AEU-Vertrag) verbietet die Vertr\u00e4ge oder die abgestimmten Gruppen, die mit dem EU-Binnenmarkt unvereinbar sein k\u00f6nnten, und die das Ziel oder die Auswirkung haben, die Mechanismen des freien Wettbewerbs des Binnenmarkts zu behindern, begrenzen oder entt\u00e4uschen. Jedoch stellt Artikel 101(3) des AEUVs [...]","og_url":"https:\/\/vila.es\/de\/gemeinschaftsrecht\/neuer-gesetzesrahmen-fuer-restriktive-klauseln-des-wettbewerbsrechts-in-vertriebsvertraege\/","og_site_name":"Vil\u00e1 Abogados","article_published_time":"2022-08-26T14:12:08+00:00","og_image":[{"width":669,"height":272,"url":"https:\/\/vila.es\/wp-content\/uploads\/2020\/02\/distribucion-y-agencia.jpg","type":"image\/jpeg"}],"author":"Vil\u00e1 Abogados","twitter_card":"summary_large_image","twitter_misc":{"Verfasst von":"Vil\u00e1 Abogados","Gesch\u00e4tzte Lesezeit":"9\u00a0Minuten"},"schema":{"@context":"https:\/\/schema.org","@graph":[{"@type":"Article","@id":"https:\/\/vila.es\/de\/gemeinschaftsrecht\/neuer-gesetzesrahmen-fuer-restriktive-klauseln-des-wettbewerbsrechts-in-vertriebsvertraege\/#article","isPartOf":{"@id":"https:\/\/vila.es\/de\/gemeinschaftsrecht\/neuer-gesetzesrahmen-fuer-restriktive-klauseln-des-wettbewerbsrechts-in-vertriebsvertraege\/"},"author":{"name":"Vil\u00e1 Abogados","@id":"https:\/\/vila.es\/en\/#\/schema\/person\/1338568a83d16fbfd6073c8cc4834904"},"headline":"NEUER GESETZESRAHMEN F\u00dcR RESTRIKTIVE KLAUSELN DES WETTBEWERBSRECHTS IN VERTRIEBSVERTR\u00c4GE","datePublished":"2022-08-26T14:12:08+00:00","mainEntityOfPage":{"@id":"https:\/\/vila.es\/de\/gemeinschaftsrecht\/neuer-gesetzesrahmen-fuer-restriktive-klauseln-des-wettbewerbsrechts-in-vertriebsvertraege\/"},"wordCount":2110,"commentCount":0,"image":{"@id":"https:\/\/vila.es\/de\/gemeinschaftsrecht\/neuer-gesetzesrahmen-fuer-restriktive-klauseln-des-wettbewerbsrechts-in-vertriebsvertraege\/#primaryimage"},"thumbnailUrl":"https:\/\/vila.es\/wp-content\/uploads\/2020\/02\/distribucion-y-agencia.jpg","articleSection":["Europ\u00e4ische Union","Handelsvertr\u00e4ge","Vertriebs und Vertretungsvertr\u00e4ge"],"inLanguage":"de","potentialAction":[{"@type":"CommentAction","name":"Comment","target":["https:\/\/vila.es\/de\/gemeinschaftsrecht\/neuer-gesetzesrahmen-fuer-restriktive-klauseln-des-wettbewerbsrechts-in-vertriebsvertraege\/#respond"]}]},{"@type":"WebPage","@id":"https:\/\/vila.es\/de\/gemeinschaftsrecht\/neuer-gesetzesrahmen-fuer-restriktive-klauseln-des-wettbewerbsrechts-in-vertriebsvertraege\/","url":"https:\/\/vila.es\/de\/gemeinschaftsrecht\/neuer-gesetzesrahmen-fuer-restriktive-klauseln-des-wettbewerbsrechts-in-vertriebsvertraege\/","name":"NEUER GESETZESRAHMEN F\u00dcR RESTRIKTIVE KLAUSELN DES WETTBEWERBSRECHTS IN VERTRIEBSVERTR\u00c4GE - Vil\u00e1 Abogados","isPartOf":{"@id":"https:\/\/vila.es\/en\/#website"},"primaryImageOfPage":{"@id":"https:\/\/vila.es\/de\/gemeinschaftsrecht\/neuer-gesetzesrahmen-fuer-restriktive-klauseln-des-wettbewerbsrechts-in-vertriebsvertraege\/#primaryimage"},"image":{"@id":"https:\/\/vila.es\/de\/gemeinschaftsrecht\/neuer-gesetzesrahmen-fuer-restriktive-klauseln-des-wettbewerbsrechts-in-vertriebsvertraege\/#primaryimage"},"thumbnailUrl":"https:\/\/vila.es\/wp-content\/uploads\/2020\/02\/distribucion-y-agencia.jpg","datePublished":"2022-08-26T14:12:08+00:00","author":{"@id":"https:\/\/vila.es\/en\/#\/schema\/person\/1338568a83d16fbfd6073c8cc4834904"},"breadcrumb":{"@id":"https:\/\/vila.es\/de\/gemeinschaftsrecht\/neuer-gesetzesrahmen-fuer-restriktive-klauseln-des-wettbewerbsrechts-in-vertriebsvertraege\/#breadcrumb"},"inLanguage":"de","potentialAction":[{"@type":"ReadAction","target":["https:\/\/vila.es\/de\/gemeinschaftsrecht\/neuer-gesetzesrahmen-fuer-restriktive-klauseln-des-wettbewerbsrechts-in-vertriebsvertraege\/"]}]},{"@type":"ImageObject","inLanguage":"de","@id":"https:\/\/vila.es\/de\/gemeinschaftsrecht\/neuer-gesetzesrahmen-fuer-restriktive-klauseln-des-wettbewerbsrechts-in-vertriebsvertraege\/#primaryimage","url":"https:\/\/vila.es\/wp-content\/uploads\/2020\/02\/distribucion-y-agencia.jpg","contentUrl":"https:\/\/vila.es\/wp-content\/uploads\/2020\/02\/distribucion-y-agencia.jpg","width":669,"height":272},{"@type":"BreadcrumbList","@id":"https:\/\/vila.es\/de\/gemeinschaftsrecht\/neuer-gesetzesrahmen-fuer-restriktive-klauseln-des-wettbewerbsrechts-in-vertriebsvertraege\/#breadcrumb","itemListElement":[{"@type":"ListItem","position":1,"name":"Portada","item":"https:\/\/vila.es\/de\/"},{"@type":"ListItem","position":2,"name":"NEUER GESETZESRAHMEN F\u00dcR RESTRIKTIVE KLAUSELN DES WETTBEWERBSRECHTS IN VERTRIEBSVERTR\u00c4GE"}]},{"@type":"WebSite","@id":"https:\/\/vila.es\/en\/#website","url":"https:\/\/vila.es\/en\/","name":"Vil\u00e1 Abogados","description":"Damos soporte jur\u00eddico a proyectos e iniciativas de negocio de empresas y de emprendedores extranjeros y nacionales","potentialAction":[{"@type":"SearchAction","target":{"@type":"EntryPoint","urlTemplate":"https:\/\/vila.es\/en\/?s={search_term_string}"},"query-input":{"@type":"PropertyValueSpecification","valueRequired":true,"valueName":"search_term_string"}}],"inLanguage":"de"},{"@type":"Person","@id":"https:\/\/vila.es\/en\/#\/schema\/person\/1338568a83d16fbfd6073c8cc4834904","name":"Vil\u00e1 Abogados","image":{"@type":"ImageObject","inLanguage":"de","@id":"https:\/\/vila.es\/en\/#\/schema\/person\/image\/","url":"https:\/\/secure.gravatar.com\/avatar\/80372a28ffd84e8b62261dc710c686e32c574bf8a1c71bfd6ebfba0f351a081b?s=96&d=mm&r=g","contentUrl":"https:\/\/secure.gravatar.com\/avatar\/80372a28ffd84e8b62261dc710c686e32c574bf8a1c71bfd6ebfba0f351a081b?s=96&d=mm&r=g","caption":"Vil\u00e1 Abogados"},"url":"https:\/\/vila.es\/de\/author\/vilaes\/"}]}},"_links":{"self":[{"href":"https:\/\/vila.es\/de\/wp-json\/wp\/v2\/posts\/11846","targetHints":{"allow":["GET"]}}],"collection":[{"href":"https:\/\/vila.es\/de\/wp-json\/wp\/v2\/posts"}],"about":[{"href":"https:\/\/vila.es\/de\/wp-json\/wp\/v2\/types\/post"}],"author":[{"embeddable":true,"href":"https:\/\/vila.es\/de\/wp-json\/wp\/v2\/users\/4"}],"replies":[{"embeddable":true,"href":"https:\/\/vila.es\/de\/wp-json\/wp\/v2\/comments?post=11846"}],"version-history":[{"count":3,"href":"https:\/\/vila.es\/de\/wp-json\/wp\/v2\/posts\/11846\/revisions"}],"predecessor-version":[{"id":11849,"href":"https:\/\/vila.es\/de\/wp-json\/wp\/v2\/posts\/11846\/revisions\/11849"}],"wp:featuredmedia":[{"embeddable":true,"href":"https:\/\/vila.es\/de\/wp-json\/wp\/v2\/media\/4686"}],"wp:attachment":[{"href":"https:\/\/vila.es\/de\/wp-json\/wp\/v2\/media?parent=11846"}],"wp:term":[{"taxonomy":"category","embeddable":true,"href":"https:\/\/vila.es\/de\/wp-json\/wp\/v2\/categories?post=11846"},{"taxonomy":"post_tag","embeddable":true,"href":"https:\/\/vila.es\/de\/wp-json\/wp\/v2\/tags?post=11846"}],"curies":[{"name":"wp","href":"https:\/\/api.w.org\/{rel}","templated":true}]}}